{"id":166626,"date":"2020-04-29T16:25:33","date_gmt":"2020-04-29T19:25:33","guid":{"rendered":"https:\/\/www.caririemacao.com\/1\/?p=166626"},"modified":"2020-04-29T16:25:33","modified_gmt":"2020-04-29T19:25:33","slug":"e-dai-lamento-quer-que-eu-faca-o-que-diz-bolsonaro-sobre-mortes-por-coronavirus-sou-messias-mas-nao-faco-milagre","status":"publish","type":"post","link":"https:\/\/www.caririemacao.com\/1\/2020\/04\/29\/e-dai-lamento-quer-que-eu-faca-o-que-diz-bolsonaro-sobre-mortes-por-coronavirus-sou-messias-mas-nao-faco-milagre\/","title":{"rendered":"E da\u00ed? Lamento. Quer que eu fa\u00e7a o qu\u00ea?\u2019, diz Bolsonaro sobre mortes por coronav\u00edrus; &#8216;Sou Messias, mas n\u00e3o fa\u00e7o milagre&#8217;"},"content":{"rendered":"\n<p>O presidente Jair Bolsonaro perguntou a uma rep\u00f3rter, na portaria do Pal\u00e1cio da Alvorada, o que quer que ele fa\u00e7a em rela\u00e7\u00e3o \u00e0s mortes por coronav\u00edrus no Brasil, que nesta ter\u00e7a-feira (29) superaram as da China, pa\u00eds de origem da pandemia.<\/p>\n\n\n\n<p>Nesta ter\u00e7a-feira, segundo boletim divulgado pelo Minist\u00e9rio da Sa\u00fade, o n\u00famero de mortes confirmadas por covid-19, a doen\u00e7a provocada pelo coronav\u00edrus,&nbsp;<a href=\"https:\/\/g1.globo.com\/bemestar\/coronavirus\/noticia\/2020\/04\/28\/brasil-tem-5017-mortes-e-71886-casos-de-coronavirus-diz-ministerio.ghtml\">ultrapassou a marca dos 5 mil, chegando a 5.017.<\/a>&nbsp;Na China, s\u00e3o 4.643.<\/p>\n\n\n\n<p>Durante a entrevista, uma jornalista disse ao presidente: \u201cA gente ultrapassou o n\u00famero de mortos da China por covid-19\u201d. O presidente, ent\u00e3o, afirmou:<\/p>\n\n\n\n<blockquote class=\"wp-block-quote is-layout-flow wp-block-quote-is-layout-flow\"><p>\u201cE da\u00ed? Lamento. Quer que eu fa\u00e7a o qu\u00ea? Eu sou Messias, mas n\u00e3o fa\u00e7o milagre&#8221;, disse, em refer\u00eancia ao pr\u00f3prio sobrenome.<\/p><\/blockquote>\n\n\n\n<p>Momentos depois, na mesma entrevista, Bolsonaro disse se solidarizar com as fam\u00edlias das v\u00edtimas. \u201cLamento a situa\u00e7\u00e3o que n\u00f3s atravessamos com o v\u00edrus. Nos solidarizamos com as fam\u00edlias que perderam seus entes queridos, que a grande parte eram pessoas idosas\u201d, disse.<\/p>\n\n\n\n<p>\u201cMas \u00e9 a vida. Amanh\u00e3 vou eu. Logicamente, a gente quer ter uma morte digna e deixar uma boa hist\u00f3ria para tr\u00e1s\u201d, disse o presidente.<img decoding=\"async\" data-src=\"https:\/\/s03-video-glbimg-com.cdn.ampproject.org\/i\/s\/s03.video.glbimg.com\/640x360\/8516954.jpg\" src=\"data:image\/svg+xml;base64,PHN2ZyB3aWR0aD0iMSIgaGVpZ2h0PSIxIiB4bWxucz0iaHR0cDovL3d3dy53My5vcmcvMjAwMC9zdmciPjwvc3ZnPg==\" class=\"lazyload\"><\/p>\n\n\n\n<p>Brasil supera China no n\u00famero oficial de mortos pelo coronav\u00edrus<\/p>\n\n\n\n<p>Questionado se conversaria com o ministro da Sa\u00fade, Nelson Teich, sobre a flexibiliza\u00e7\u00e3o do distanciamento social, Bolsonaro afirmou que n\u00e3o d\u00e1 parecer e n\u00e3o obriga ministro a fazer nada.<\/p>\n\n\n\n<p>O presidente tamb\u00e9m disse que ningu\u00e9m nunca negou que a covid-19 causaria mortes no Brasil e que 70% da popula\u00e7\u00e3o ser\u00e1 infectada.<\/p>\n\n\n\n<p>\u201cAs mortes de hoje, a princ\u00edpio, essas pessoas foram infectadas h\u00e1 duas semanas. \u00c9 o que eu digo para voc\u00eas: o v\u00edrus vai atingir 70% da popula\u00e7\u00e3o. Infelizmente \u00e9 a realidade. Mortes v\u00e3o (<em>sic<\/em>) haver. Ningu\u00e9m nunca negou que haveria mortes\u201d, disse.<\/p>\n\n\n\n<h2 class=\"wp-block-heading\">Exames<\/h2>\n\n\n\n<p>O presidente tamb\u00e9m foi questionado sobre&nbsp;<a href=\"https:\/\/g1.globo.com\/politica\/noticia\/2020\/04\/27\/jornal-obtem-na-justica-federal-direito-de-ter-acesso-aos-testes-de-coronavirus-de-bolsonaro.ghtml\">decis\u00e3o judicial que deu ao jornal \u201cO Estado de S. Paulo\u201d o direito de ter acesso resultados dos testes<\/a>&nbsp;de coronav\u00edrus aos quais se submeteu. Segundo o presidente, os dois exames resultaram negativo.<\/p>\n\n\n\n<p>Bolsonaro disse ter o direito de n\u00e3o mostrar os resultados dos testes.<\/p>\n\n\n\n<p>\u201cVoc\u00eas nunca me viram aqui rastejando, com coriza. Eu n\u00e3o tive [a doen\u00e7a], p\u00f4. E n\u00e3o minto [&#8230;]. Da minha parte, n\u00e3o tem problema mostrar. Mas, agora, eu quero mostrar que eu tenho o direito de n\u00e3o mostrar\u201d, afirmou.<\/p>\n","protected":false},"excerpt":{"rendered":"<p>O presidente Jair Bolsonaro perguntou a uma rep\u00f3rter, na portaria do Pal\u00e1cio da Alvorada, o que quer que ele fa\u00e7a em rela\u00e7\u00e3o \u00e0s mortes por&hellip; <\/p>\n","protected":false},"author":1,"featured_media":165692,"comment_status":"closed","ping_status":"closed","sticky":false,"template":"","format":"standard","meta":{"sfsi_plus_gutenberg_text_before_share":"","sfsi_plus_gutenberg_show_text_before_share":"","sfsi_plus_gutenberg_icon_type":"","sfsi_plus_gutenberg_icon_alignemt":"","sfsi_plus_gutenburg_max_per_row":"","footnotes":""},"categories":[50],"tags":[],"class_list":["post-166626","post","type-post","status-publish","format-standard","has-post-thumbnail","hentry","category-destaque"],"_links":{"self":[{"href":"https:\/\/www.caririemacao.com\/1\/wp-json\/wp\/v2\/posts\/166626","targetHints":{"allow":["GET"]}}],"collection":[{"href":"https:\/\/www.caririemacao.com\/1\/wp-json\/wp\/v2\/posts"}],"about":[{"href":"https:\/\/www.caririemacao.com\/1\/wp-json\/wp\/v2\/types\/post"}],"author":[{"embeddable":true,"href":"https:\/\/www.caririemacao.com\/1\/wp-json\/wp\/v2\/users\/1"}],"replies":[{"embeddable":true,"href":"https:\/\/www.caririemacao.com\/1\/wp-json\/wp\/v2\/comments?post=166626"}],"version-history":[{"count":2,"href":"https:\/\/www.caririemacao.com\/1\/wp-json\/wp\/v2\/posts\/166626\/revisions"}],"predecessor-version":[{"id":166628,"href":"https:\/\/www.caririemacao.com\/1\/wp-json\/wp\/v2\/posts\/166626\/revisions\/166628"}],"wp:featuredmedia":[{"embeddable":true,"href":"https:\/\/www.caririemacao.com\/1\/wp-json\/wp\/v2\/media\/165692"}],"wp:attachment":[{"href":"https:\/\/www.caririemacao.com\/1\/wp-json\/wp\/v2\/media?parent=166626"}],"wp:term":[{"taxonomy":"category","embeddable":true,"href":"https:\/\/www.caririemacao.com\/1\/wp-json\/wp\/v2\/categories?post=166626"},{"taxonomy":"post_tag","embeddable":true,"href":"https:\/\/www.caririemacao.com\/1\/wp-json\/wp\/v2\/tags?post=166626"}],"curies":[{"name":"wp","href":"https:\/\/api.w.org\/{rel}","templated":true}]}}