{"id":166638,"date":"2020-04-29T16:37:54","date_gmt":"2020-04-29T19:37:54","guid":{"rendered":"https:\/\/www.caririemacao.com\/1\/?p=166638"},"modified":"2020-04-29T16:37:54","modified_gmt":"2020-04-29T19:37:54","slug":"acude-de-boqueirao-esta-a-388-metros-para-sangrar","status":"publish","type":"post","link":"https:\/\/www.caririemacao.com\/1\/2020\/04\/29\/acude-de-boqueirao-esta-a-388-metros-para-sangrar\/","title":{"rendered":"A\u00e7ude de Boqueir\u00e3o est\u00e1 a 3,88 metros para sangrar"},"content":{"rendered":"\n<p>O a\u00e7ude Epit\u00e1cio Pessoa, em Boqueir\u00e3o, que \u00e9 respons\u00e1vel pelo abastecimento de Campina Grande e outros 19 munic\u00edpios da Para\u00edba, teve um aumento de 11 cent\u00edmetros na sua l\u00e2mina d\u2019\u00e1gua nas \u00faltimas 24h.<\/p>\n\n\n\n<p>Segundo Informa\u00e7\u00f5es repassadas pelo Departamento Nacional de Obras Contra a Seca (DNOCS), com mais esse aporte o manancial conta hoje com um volume de 310.089.662 m3, que corresponde a 66,5% de sua capacidade total.<\/p>\n\n\n\n<p>A partir de hoje, Boqueir\u00e3o est\u00e1 a apenas 3,88 metros de l\u00e2mina d\u2019\u00e1gua da\u00a0cota de sangria.<\/p>\n\n\n\n<p>Os a\u00e7udes de Por\u00e7\u00f5es, Congo e Camala\u00fa seguem sangrando e as \u00e1guas caiem na calha do Rio Para\u00edba com destino a Boqueir\u00e3o.<\/p>\n\n\n\n<p>Com Blog Bruno Lira<\/p>\n","protected":false},"excerpt":{"rendered":"<p>O a\u00e7ude Epit\u00e1cio Pessoa, em Boqueir\u00e3o, que \u00e9 respons\u00e1vel pelo abastecimento de Campina Grande e outros 19 munic\u00edpios da Para\u00edba, teve um aumento de 11&hellip; <\/p>\n","protected":false},"author":1,"featured_media":166639,"comment_status":"closed","ping_status":"closed","sticky":false,"template":"","format":"standard","meta":{"sfsi_plus_gutenberg_text_before_share":"","sfsi_plus_gutenberg_show_text_before_share":"","sfsi_plus_gutenberg_icon_type":"","sfsi_plus_gutenberg_icon_alignemt":"","sfsi_plus_gutenburg_max_per_row":"","footnotes":""},"categories":[2],"tags":[],"class_list":["post-166638","post","type-post","status-publish","format-standard","has-post-thumbnail","hentry","category-geral"],"_links":{"self":[{"href":"https:\/\/www.caririemacao.com\/1\/wp-json\/wp\/v2\/posts\/166638","targetHints":{"allow":["GET"]}}],"collection":[{"href":"https:\/\/www.caririemacao.com\/1\/wp-json\/wp\/v2\/posts"}],"about":[{"href":"https:\/\/www.caririemacao.com\/1\/wp-json\/wp\/v2\/types\/post"}],"author":[{"embeddable":true,"href":"https:\/\/www.caririemacao.com\/1\/wp-json\/wp\/v2\/users\/1"}],"replies":[{"embeddable":true,"href":"https:\/\/www.caririemacao.com\/1\/wp-json\/wp\/v2\/comments?post=166638"}],"version-history":[{"count":1,"href":"https:\/\/www.caririemacao.com\/1\/wp-json\/wp\/v2\/posts\/166638\/revisions"}],"predecessor-version":[{"id":166640,"href":"https:\/\/www.caririemacao.com\/1\/wp-json\/wp\/v2\/posts\/166638\/revisions\/166640"}],"wp:featuredmedia":[{"embeddable":true,"href":"https:\/\/www.caririemacao.com\/1\/wp-json\/wp\/v2\/media\/166639"}],"wp:attachment":[{"href":"https:\/\/www.caririemacao.com\/1\/wp-json\/wp\/v2\/media?parent=166638"}],"wp:term":[{"taxonomy":"category","embeddable":true,"href":"https:\/\/www.caririemacao.com\/1\/wp-json\/wp\/v2\/categories?post=166638"},{"taxonomy":"post_tag","embeddable":true,"href":"https:\/\/www.caririemacao.com\/1\/wp-json\/wp\/v2\/tags?post=166638"}],"curies":[{"name":"wp","href":"https:\/\/api.w.org\/{rel}","templated":true}]}}