{"id":166642,"date":"2020-04-30T06:22:52","date_gmt":"2020-04-30T09:22:52","guid":{"rendered":"https:\/\/www.caririemacao.com\/1\/?p=166642"},"modified":"2020-04-30T06:22:52","modified_gmt":"2020-04-30T09:22:52","slug":"profissionais-do-samu-de-taperoa-fazem-parto-de-bebe-dentro-da-unidade-movel","status":"publish","type":"post","link":"https:\/\/www.caririemacao.com\/1\/2020\/04\/30\/profissionais-do-samu-de-taperoa-fazem-parto-de-bebe-dentro-da-unidade-movel\/","title":{"rendered":"Profissionais do SAMU de Tapero\u00e1 fazem parto de beb\u00ea dentro da unidade m\u00f3vel"},"content":{"rendered":"\n<p> Profissionais do Servi\u00e7o de Atendimento M\u00f3vel de Urg\u00eancia (SAMU) de Tapero\u00e1 realizaram na manh\u00e3 desta quarta-feira(29), o parto de um beb\u00ea na pr\u00f3pria unidade m\u00f3vel.<\/p>\n\n\n\n<p>A m\u00e3e que mora na zona rural de Tapero\u00e1 estava sentido fortes contra\u00e7\u00f5es e ao ser transferida da ambul\u00e2ncia do SAMU entre os munic\u00edpios de Teixeira e Patos, entrou em trabalho de parto e os profissionais de sa\u00fade avaliaram que o parto deveria ser realizado na pr\u00f3pria ambul\u00e2ncia.<\/p>\n\n\n\n<p>Ap\u00f3s minutos depois, nasceu uma linda princesa. Depois do parto, a beb\u00ea e a m\u00e3e foram encaminhadas a Maternidade Dr. Peregrino Filho, em Patos.<\/p>\n\n\n\n<div class=\"wp-block-image\"><figure class=\"aligncenter\"><img decoding=\"async\" data-src=\"http:\/\/deolhonocariri.com.br\/wp-content\/uploads\/2020\/04\/95249338_2783162115144593_5037731346668060672_o.jpg\" alt=\"\" class=\"wp-image-81576 lazyload\" src=\"data:image\/svg+xml;base64,PHN2ZyB3aWR0aD0iMSIgaGVpZ2h0PSIxIiB4bWxucz0iaHR0cDovL3d3dy53My5vcmcvMjAwMC9zdmciPjwvc3ZnPg==\" \/><\/figure><\/div>\n\n\n\n<p>O parto foi realizado pelo enfermeiro Fabiano, a t\u00e9cnica em enfermagem Layane e o condutor Franswelington. As fotos do lindo momento foram postadas nas redes sociais e os internautas parabenizaram os profissionais de sa\u00fade pelo belo trabalho.<\/p>\n","protected":false},"excerpt":{"rendered":"<p>Profissionais do Servi\u00e7o de Atendimento M\u00f3vel de Urg\u00eancia (SAMU) de Tapero\u00e1 realizaram na manh\u00e3 desta quarta-feira(29), o parto de um beb\u00ea na pr\u00f3pria unidade m\u00f3vel.&hellip; <\/p>\n","protected":false},"author":2,"featured_media":166643,"comment_status":"closed","ping_status":"closed","sticky":false,"template":"","format":"standard","meta":{"sfsi_plus_gutenberg_text_before_share":"","sfsi_plus_gutenberg_show_text_before_share":"","sfsi_plus_gutenberg_icon_type":"","sfsi_plus_gutenberg_icon_alignemt":"","sfsi_plus_gutenburg_max_per_row":"","footnotes":""},"categories":[2],"tags":[],"class_list":["post-166642","post","type-post","status-publish","format-standard","has-post-thumbnail","hentry","category-geral"],"_links":{"self":[{"href":"https:\/\/www.caririemacao.com\/1\/wp-json\/wp\/v2\/posts\/166642","targetHints":{"allow":["GET"]}}],"collection":[{"href":"https:\/\/www.caririemacao.com\/1\/wp-json\/wp\/v2\/posts"}],"about":[{"href":"https:\/\/www.caririemacao.com\/1\/wp-json\/wp\/v2\/types\/post"}],"author":[{"embeddable":true,"href":"https:\/\/www.caririemacao.com\/1\/wp-json\/wp\/v2\/users\/2"}],"replies":[{"embeddable":true,"href":"https:\/\/www.caririemacao.com\/1\/wp-json\/wp\/v2\/comments?post=166642"}],"version-history":[{"count":1,"href":"https:\/\/www.caririemacao.com\/1\/wp-json\/wp\/v2\/posts\/166642\/revisions"}],"predecessor-version":[{"id":166644,"href":"https:\/\/www.caririemacao.com\/1\/wp-json\/wp\/v2\/posts\/166642\/revisions\/166644"}],"wp:featuredmedia":[{"embeddable":true,"href":"https:\/\/www.caririemacao.com\/1\/wp-json\/wp\/v2\/media\/166643"}],"wp:attachment":[{"href":"https:\/\/www.caririemacao.com\/1\/wp-json\/wp\/v2\/media?parent=166642"}],"wp:term":[{"taxonomy":"category","embeddable":true,"href":"https:\/\/www.caririemacao.com\/1\/wp-json\/wp\/v2\/categories?post=166642"},{"taxonomy":"post_tag","embeddable":true,"href":"https:\/\/www.caririemacao.com\/1\/wp-json\/wp\/v2\/tags?post=166642"}],"curies":[{"name":"wp","href":"https:\/\/api.w.org\/{rel}","templated":true}]}}