{"id":166649,"date":"2020-04-30T06:31:54","date_gmt":"2020-04-30T09:31:54","guid":{"rendered":"https:\/\/www.caririemacao.com\/1\/?p=166649"},"modified":"2020-04-30T06:31:54","modified_gmt":"2020-04-30T09:31:54","slug":"prefeitura-de-monteiro-intensifica-servicos-de-infraestrutura-nas-avenidas-ruas-e-pracas","status":"publish","type":"post","link":"https:\/\/www.caririemacao.com\/1\/2020\/04\/30\/prefeitura-de-monteiro-intensifica-servicos-de-infraestrutura-nas-avenidas-ruas-e-pracas\/","title":{"rendered":"Prefeitura de Monteiro intensifica servi\u00e7os de infraestrutura nas avenidas, ruas e pra\u00e7as"},"content":{"rendered":"\n<h1 class=\"wp-block-heading\"><\/h1>\n\n\n\n<hr class=\"wp-block-separator\"\/>\n\n\n\n<p>&nbsp;A Prefeitura de Monteiro est\u00e1 realizando uma grande a\u00e7\u00e3o de limpeza urbana, atendendo \u00e0s solicita\u00e7\u00f5es da popula\u00e7\u00e3o, ap\u00f3s enfrentar um per\u00edodo de muitas chuvas no munic\u00edpio.<\/p>\n\n\n\n<p>Para atender a demanda destas a\u00e7\u00f5es, a prefeita Anna Lorena autorizou a contrata\u00e7\u00e3o emergencial de 12 pessoas, formando uma equipe para priorizar tanto a poda de \u00e1rvores, como tamb\u00e9m a limpeza de mato (ro\u00e7o) n\u00e3o s\u00f3 nas ruas, mas tamb\u00e9m nas pra\u00e7as e demais logradouros pertencentes ao munic\u00edpio.<\/p>\n\n\n\n<p>Com um calend\u00e1rio montado pela Secretaria de Infraestrutura, os trabalhos iniciaram pela Rua dos Pereiros, Alto do S\u00e3o Vicente, Vila Popular, Vespaziano Guerra, Loteamento Bela Vista e outros bairros que devem ser beneficiados com a opera\u00e7\u00e3o nas pr\u00f3ximas semanas.<\/p>\n\n\n\n<p>De acordo com o secret\u00e1rio de Infraestrutura, T\u00falio Conrado, a demanda solicitada surgiu em virtude das chuvas constantes que ca\u00edram nos primeiros meses do ano, e agora com a diminui\u00e7\u00e3o destas chuvas estes servi\u00e7os est\u00e3o tendo prioridade.<\/p>\n\n\n\n<div class=\"wp-block-image\"><figure class=\"alignleft\"><img decoding=\"async\" data-src=\"https:\/\/i0.wp.com\/www.vitrinedocariri.com.br\/wp-content\/uploads\/2020\/04\/Prefeitura-de-Monteiro-intensifica-servi%C3%A7os-de-infraestrutura-nas-avenidas-ruas-pra%C3%A7as-e-logradouros-da-cidade-7.jpeg?resize=300%2C169&amp;ssl=1\" alt=\"\" class=\"wp-image-69518 lazyload\" src=\"data:image\/svg+xml;base64,PHN2ZyB3aWR0aD0iMSIgaGVpZ2h0PSIxIiB4bWxucz0iaHR0cDovL3d3dy53My5vcmcvMjAwMC9zdmciPjwvc3ZnPg==\" \/><\/figure><\/div>\n\n\n\n<p>Um cronograma foi tra\u00e7ado de forma a atender todas as solicita\u00e7\u00f5es que foram recebidas, inclusive via Ouvidoria Municipal e outros canais de intera\u00e7\u00e3o que a gest\u00e3o municipal mant\u00e9m com a popula\u00e7\u00e3o.<\/p>\n\n\n\n<p>O secret\u00e1rio ainda afirmou que a a\u00e7\u00e3o tamb\u00e9m faz parte de um combate \u00e0s endemias, e tem o objetivo de levar bem estar \u00e0 comunidade, evitar a prolifera\u00e7\u00e3o de doen\u00e7as e deixar a cidade mais limpa, sempre ouvindo, dialogando e atendendo as demandas da popula\u00e7\u00e3o, conforme tem recomendado a prefeita Anna Lorena.<\/p>\n\n\n\n<p>Devido ao grande volume dos servi\u00e7os realizados, a Secretaria de Infraestrutura vem contando com o apoio de outras secretarias, cujos secret\u00e1rios acompanham pessoalmente os servi\u00e7os realizados e procuram atender conjuntamente o apelo da popula\u00e7\u00e3o.<\/p>\n","protected":false},"excerpt":{"rendered":"<p>&nbsp;A Prefeitura de Monteiro est\u00e1 realizando uma grande a\u00e7\u00e3o de limpeza urbana, atendendo \u00e0s solicita\u00e7\u00f5es da popula\u00e7\u00e3o, ap\u00f3s enfrentar um per\u00edodo de muitas chuvas no&hellip; <\/p>\n","protected":false},"author":2,"featured_media":166650,"comment_status":"closed","ping_status":"closed","sticky":false,"template":"","format":"standard","meta":{"sfsi_plus_gutenberg_text_before_share":"","sfsi_plus_gutenberg_show_text_before_share":"","sfsi_plus_gutenberg_icon_type":"","sfsi_plus_gutenberg_icon_alignemt":"","sfsi_plus_gutenburg_max_per_row":"","footnotes":""},"categories":[50,2],"tags":[],"class_list":["post-166649","post","type-post","status-publish","format-standard","has-post-thumbnail","hentry","category-destaque","category-geral"],"_links":{"self":[{"href":"https:\/\/www.caririemacao.com\/1\/wp-json\/wp\/v2\/posts\/166649","targetHints":{"allow":["GET"]}}],"collection":[{"href":"https:\/\/www.caririemacao.com\/1\/wp-json\/wp\/v2\/posts"}],"about":[{"href":"https:\/\/www.caririemacao.com\/1\/wp-json\/wp\/v2\/types\/post"}],"author":[{"embeddable":true,"href":"https:\/\/www.caririemacao.com\/1\/wp-json\/wp\/v2\/users\/2"}],"replies":[{"embeddable":true,"href":"https:\/\/www.caririemacao.com\/1\/wp-json\/wp\/v2\/comments?post=166649"}],"version-history":[{"count":1,"href":"https:\/\/www.caririemacao.com\/1\/wp-json\/wp\/v2\/posts\/166649\/revisions"}],"predecessor-version":[{"id":166651,"href":"https:\/\/www.caririemacao.com\/1\/wp-json\/wp\/v2\/posts\/166649\/revisions\/166651"}],"wp:featuredmedia":[{"embeddable":true,"href":"https:\/\/www.caririemacao.com\/1\/wp-json\/wp\/v2\/media\/166650"}],"wp:attachment":[{"href":"https:\/\/www.caririemacao.com\/1\/wp-json\/wp\/v2\/media?parent=166649"}],"wp:term":[{"taxonomy":"category","embeddable":true,"href":"https:\/\/www.caririemacao.com\/1\/wp-json\/wp\/v2\/categories?post=166649"},{"taxonomy":"post_tag","embeddable":true,"href":"https:\/\/www.caririemacao.com\/1\/wp-json\/wp\/v2\/tags?post=166649"}],"curies":[{"name":"wp","href":"https:\/\/api.w.org\/{rel}","templated":true}]}}