{"id":166653,"date":"2020-04-30T07:01:12","date_gmt":"2020-04-30T10:01:12","guid":{"rendered":"https:\/\/www.caririemacao.com\/1\/?p=166653"},"modified":"2020-05-02T23:43:45","modified_gmt":"2020-05-03T02:43:45","slug":"gestao-de-camalau-realiza-entrega-de-fardamentos-equipamentos-modernos-e-epis-para-reforcar-trabalho-de-acs-e-aces-durante-a-pandemia","status":"publish","type":"post","link":"https:\/\/www.caririemacao.com\/1\/2020\/04\/30\/gestao-de-camalau-realiza-entrega-de-fardamentos-equipamentos-modernos-e-epis-para-reforcar-trabalho-de-acs-e-aces-durante-a-pandemia\/","title":{"rendered":"Gest\u00e3o de Camala\u00fa realiza entrega de fardamentos, equipamentos modernos e EPIs para refor\u00e7ar trabalho de ACs e ACEs durante a pandemia"},"content":{"rendered":"\n<p>A Prefeitura Municipal de Camala\u00fa, atrav\u00e9s da Secretaria Municipal de Sa\u00fade, fez nesta quarta feira, 29, \u00e0s 12:00 horas, a distribui\u00e7\u00e3o do fardamento e Equipamentos de Prote\u00e7\u00e3o Individual \u2013 EPI para os Agentes Comunit\u00e1rios de Sa\u00fade \u2013 ACS e para os Agentes de Combates as Endemias \u2013 ACE.<\/p>\n\n\n\n<p>Em conformidade com as orienta\u00e7\u00f5es do Minist\u00e9rio da Sa\u00fade e da Organiza\u00e7\u00e3o Mundial da Sa\u00fade \u2013 OMS, a solenidade aconteceu de forma simb\u00f3lica com a representa\u00e7\u00e3o de profissionais das categorias antes mencionadas, da ESF-01 ACS Maurecir, da ESF-02 ACS Adeilda e Maria Helena e o ACE P\u00e1dua, e contou tamb\u00e9m, com a presen\u00e7a do Prefeito Sandro Moco, al\u00e9m de profissionais da Secretaria de Sa\u00fade: Gildete, Marilene, Maur\u00edlio e Patr\u00edcia.<br>Tamb\u00e9m estiveram presentes a farmac\u00eautica Dra Gabriela Abreu e a Enfermeira da ESF \u2013 01 Dra. Edilma Almeida.<br>Foram distribu\u00eddos aos ACS kits completos para trabalho constando de: mochila, fardamento completo (Camisa Polo, Camisa de Prote\u00e7\u00e3o UV, Bon\u00e9, Cal\u00e7a) Balan\u00e7a Digital e Material de Expediente.<br>EPIs \u2013 Protetor Solar, Protetor Facial, \u00c1lcool em Gel, Mascaras, Luvas e Tocas Descart\u00e1veis.<br>J\u00e1 aos ACE foram distribu\u00eddos kits completos para trabalho compostos por: mochila, fardamento completo (Camisa Polo, Camisa de Prote\u00e7\u00e3o UV, Bon\u00e9, Cal\u00e7a) e Material de Expediente.<br>EPI \u2013 Protetor Solar, Protetor Facial, \u00c1lcool em Gel, Mascaras, Luvas e Tocas Descart\u00e1veis.<br>Foram realizadas tamb\u00e9m as entregas de Term\u00f4metros Digitais e Infra Vermelho que ser\u00e3o utilizados nas Barreiras Sanit\u00e1rias para Combate ao Covid-19.<br>O prefeito agradeceu a empresa \u00c1pice Consultoria pela doa\u00e7\u00e3o de um significativo n\u00famero de protetores faciais que foram doados a Secretaria de Sa\u00fade, e destacou a import\u00e2ncia desses equipamentos que dar\u00e3o aos profissionais melhores condi\u00e7\u00f5es de trabalho em suas atividades bem como maior seguran\u00e7a tanto aos mesmos quantos aos usu\u00e1rios.<br>COM ASCOM<\/p>\n\n\n\n<figure class=\"wp-block-image\"><img decoding=\"async\" data-src=\"https:\/\/scontent.fcpv1-1.fna.fbcdn.net\/v\/t1.0-9\/95032125_1981065705357123_6452756383019302912_n.jpg?_nc_cat=100&amp;_nc_sid=110474&amp;_nc_eui2=AeFVfBXBVsxtW3L7XyzgzcFDwsg4vvv1kyLCyDi--_WTIlVFbxVEYW125TELpxcFTp96wghyOPUlb9-ukgi0zW8_&amp;_nc_ohc=SreLUkH_vzIAX-EYfKf&amp;_nc_ht=scontent.fcpv1-1.fna&amp;oh=98ebdacf8955c18959990f59ee60ca1a&amp;oe=5ED0BC2F\" alt=\"A imagem pode conter: uma ou mais pessoas e pessoas em p\u00e9\" src=\"data:image\/svg+xml;base64,PHN2ZyB3aWR0aD0iMSIgaGVpZ2h0PSIxIiB4bWxucz0iaHR0cDovL3d3dy53My5vcmcvMjAwMC9zdmciPjwvc3ZnPg==\" class=\"lazyload\" \/><\/figure>\n\n\n\n<figure class=\"wp-block-image\"><a href=\"https:\/\/1.bp.blogspot.com\/-Hj3IxdajUrA\/XqnMjQrVO2I\/AAAAAAAAIAs\/AR6aB3zpzAUmUxCvu2wTur9sOKZChhS7gCLcBGAsYHQ\/s1600\/11.jpg\"><img decoding=\"async\" data-src=\"https:\/\/1.bp.blogspot.com\/-Hj3IxdajUrA\/XqnMjQrVO2I\/AAAAAAAAIAs\/AR6aB3zpzAUmUxCvu2wTur9sOKZChhS7gCLcBGAsYHQ\/s280\/11.jpg\" alt=\"\" src=\"data:image\/svg+xml;base64,PHN2ZyB3aWR0aD0iMSIgaGVpZ2h0PSIxIiB4bWxucz0iaHR0cDovL3d3dy53My5vcmcvMjAwMC9zdmciPjwvc3ZnPg==\" class=\"lazyload\" \/><\/a><\/figure>\n\n\n\n<figure class=\"wp-block-image\"><a href=\"https:\/\/1.bp.blogspot.com\/-_SSVHzxvpII\/XqnLuG5RicI\/AAAAAAAAIAk\/pfuBdGxN0hoyBNgB7vl4Fw21_NNruc3tQCLcBGAsYHQ\/s1600\/1.jpg\"><img decoding=\"async\" data-src=\"https:\/\/1.bp.blogspot.com\/-_SSVHzxvpII\/XqnLuG5RicI\/AAAAAAAAIAk\/pfuBdGxN0hoyBNgB7vl4Fw21_NNruc3tQCLcBGAsYHQ\/s280\/1.jpg\" alt=\"\" src=\"data:image\/svg+xml;base64,PHN2ZyB3aWR0aD0iMSIgaGVpZ2h0PSIxIiB4bWxucz0iaHR0cDovL3d3dy53My5vcmcvMjAwMC9zdmciPjwvc3ZnPg==\" class=\"lazyload\" \/><\/a><\/figure>\n","protected":false},"excerpt":{"rendered":"<p>A Prefeitura Municipal de Camala\u00fa, atrav\u00e9s da Secretaria Municipal de Sa\u00fade, fez nesta quarta feira, 29, \u00e0s 12:00 horas, a distribui\u00e7\u00e3o do fardamento e Equipamentos&hellip; <\/p>\n","protected":false},"author":2,"featured_media":166654,"comment_status":"closed","ping_status":"closed","sticky":false,"template":"","format":"standard","meta":{"sfsi_plus_gutenberg_text_before_share":"","sfsi_plus_gutenberg_show_text_before_share":"","sfsi_plus_gutenberg_icon_type":"","sfsi_plus_gutenberg_icon_alignemt":"","sfsi_plus_gutenburg_max_per_row":"","footnotes":""},"categories":[2],"tags":[],"class_list":["post-166653","post","type-post","status-publish","format-standard","has-post-thumbnail","hentry","category-geral"],"_links":{"self":[{"href":"https:\/\/www.caririemacao.com\/1\/wp-json\/wp\/v2\/posts\/166653","targetHints":{"allow":["GET"]}}],"collection":[{"href":"https:\/\/www.caririemacao.com\/1\/wp-json\/wp\/v2\/posts"}],"about":[{"href":"https:\/\/www.caririemacao.com\/1\/wp-json\/wp\/v2\/types\/post"}],"author":[{"embeddable":true,"href":"https:\/\/www.caririemacao.com\/1\/wp-json\/wp\/v2\/users\/2"}],"replies":[{"embeddable":true,"href":"https:\/\/www.caririemacao.com\/1\/wp-json\/wp\/v2\/comments?post=166653"}],"version-history":[{"count":2,"href":"https:\/\/www.caririemacao.com\/1\/wp-json\/wp\/v2\/posts\/166653\/revisions"}],"predecessor-version":[{"id":167221,"href":"https:\/\/www.caririemacao.com\/1\/wp-json\/wp\/v2\/posts\/166653\/revisions\/167221"}],"wp:featuredmedia":[{"embeddable":true,"href":"https:\/\/www.caririemacao.com\/1\/wp-json\/wp\/v2\/media\/166654"}],"wp:attachment":[{"href":"https:\/\/www.caririemacao.com\/1\/wp-json\/wp\/v2\/media?parent=166653"}],"wp:term":[{"taxonomy":"category","embeddable":true,"href":"https:\/\/www.caririemacao.com\/1\/wp-json\/wp\/v2\/categories?post=166653"},{"taxonomy":"post_tag","embeddable":true,"href":"https:\/\/www.caririemacao.com\/1\/wp-json\/wp\/v2\/tags?post=166653"}],"curies":[{"name":"wp","href":"https:\/\/api.w.org\/{rel}","templated":true}]}}