{"id":166665,"date":"2020-04-30T07:14:18","date_gmt":"2020-04-30T10:14:18","guid":{"rendered":"https:\/\/www.caririemacao.com\/1\/?p=166665"},"modified":"2020-04-30T07:14:18","modified_gmt":"2020-04-30T10:14:18","slug":"auxilio-doenca-inss-anuncia-prorrogacao-automatica","status":"publish","type":"post","link":"https:\/\/www.caririemacao.com\/1\/2020\/04\/30\/auxilio-doenca-inss-anuncia-prorrogacao-automatica\/","title":{"rendered":"Aux\u00edlio-doen\u00e7a: INSS anuncia prorroga\u00e7\u00e3o autom\u00e1tica"},"content":{"rendered":"\n<p>A prorroga\u00e7\u00e3o autom\u00e1tica j\u00e1 era poss\u00edvel devido \u00e0 pandemia e, agora, foi ampliada. De acordo com a Portaria 552, publicada nesta quarta-feira (29) no \u201cDi\u00e1rio Oficial da Uni\u00e3o\u201d, os pedidos de prorroga\u00e7\u00e3o ser\u00e3o efetivados de forma autom\u00e1tica a partir da solicita\u00e7\u00e3o, por 30 dias, ou at\u00e9 que a per\u00edcia m\u00e9dica presencial retorne, limitado a seis pedidos.<\/p>\n\n\n\n<p>\u201cQuando o segurado n\u00e3o fazia per\u00edcia, o benef\u00edcio podia ser prorrogado at\u00e9 duas vezes. Agora, poder\u00e1 ser prorrogado at\u00e9 seis vezes\u201d, explica a advogada Adriane Bramante, presidente do IBDP (Instituto Brasileiro de Direito Previdenci\u00e1rio).<\/p>\n\n\n\n<p>O INSS afirma que, para resguardar o direito do segurado, tamb\u00e9m prorrogar\u00e1 automaticamente aqueles aux\u00edlios que foram concedidos por decis\u00e3o judicial ou em que a \u00faltima a\u00e7\u00e3o tenha sido de estabelecimento ou, ainda, via recurso m\u00e9dico.<\/p>\n\n\n\n<p>A decis\u00e3o atinge todos os benefici\u00e1rios que fizeram o pedido de prorroga\u00e7\u00e3o a partir do dia 12 de mar\u00e7o deste ano, al\u00e9m dos pedidos de prorroga\u00e7\u00e3o j\u00e1 agendados e que, por causa da pandemia, n\u00e3o passaram pela per\u00edcia m\u00e9dica presencial.<\/p>\n\n\n\n<p>\u201cQuem j\u00e1 est\u00e1 recebendo o aux\u00edlio-doen\u00e7a vai ter prorroga\u00e7\u00e3o, independente de anexa\u00e7\u00e3o de atestado ou qualquer outra forma de procedimento\u201d, afirma Roberto de Carvalho Santos, do Ieprev (Instituto de Estudos Previdenci\u00e1rios).<\/p>\n\n\n\n<p>De acordo com o especialista, a portaria prorroga o per\u00edodo do benef\u00edcio com o mesmo valor que o segurado est\u00e1 recebendo, sem a necessidade de ele apresentar nenhum outro documento.<\/p>\n\n\n\n<p>Nesta ter\u00e7a-feira (28), a reportagem apurou que as ag\u00eancias em todo o pa\u00eds v\u00e3o continuar fechadas ap\u00f3s o dia 30 deste m\u00eas, para quando estava prevista a retomada do atendimento presencial.<\/p>\n\n\n\n<p>Os postos do \u00f3rg\u00e3o respons\u00e1vel por conceder e pagar aposentadorias, pens\u00f5es e aux\u00edlios-doen\u00e7a fecharam suas portas oficialmente em 23 de mar\u00e7o devido \u00e0 quarentena necess\u00e1ria para frear a propaga\u00e7\u00e3o do novo coronav\u00edrus. Em S\u00e3o Paulo, as unidades est\u00e3o fechadas desde 19 de mar\u00e7o.<\/p>\n\n\n\n<p>N\u00e3o h\u00e1, por enquanto, informa\u00e7\u00f5es sobre a data em que o atendimento em locais f\u00edsicos ser\u00e1 restabelecido.<\/p>\n\n\n\n<p>Enquanto as unidades estiverem fechadas, os requerimentos de servi\u00e7os previdenci\u00e1rios e assistenciais continuar\u00e3o a ser realizados por meio dos canais remotos, que s\u00e3o o aplicativo ou o site Meu INSS e central de atendimento pelo telefone 135.<\/p>\n\n\n\n<p>Aqueles que n\u00e3o forem atendidos devido ao fechamento dos postos ter\u00e3o preservadas as suas datas de requerimento de benef\u00edcio e receber\u00e3o todos os valores atrasados.<\/p>\n\n\n\n<p>Enquanto as ag\u00eancias do INSS est\u00e3o fechadas, quem precisa pedir o aux\u00edlio-doen\u00e7a deve acessar o Meu INSS, dispon\u00edvel por aplicativo para celular ou no site meu.inss.gov.br, para encaminhar imagens do seu atestado m\u00e9dico para novos pedidos de aux\u00edlio-doen\u00e7a.<\/p>\n\n\n\n<p>Assim, o benef\u00edcio pode ser aprovado sem a necessidade de o segurado comparecer a uma ag\u00eancia da Previd\u00eancia para passar pela per\u00edcia m\u00e9dica.<\/p>\n\n\n\n<p>Com o novo sistema, a an\u00e1lise do m\u00e9dico perito \u00e9 feita com base na documenta\u00e7\u00e3o enviada pela internet.<\/p>\n\n\n\n<p>At\u00e9 a conclus\u00e3o da an\u00e1lise, por\u00e9m, o INSS antecipa tr\u00eas parcelas no valor de um sal\u00e1rio m\u00ednimo (R$ 1.045) ao requerente<\/p>\n","protected":false},"excerpt":{"rendered":"<p>A prorroga\u00e7\u00e3o autom\u00e1tica j\u00e1 era poss\u00edvel devido \u00e0 pandemia e, agora, foi ampliada. De acordo com a Portaria 552, publicada nesta quarta-feira (29) no \u201cDi\u00e1rio&hellip; <\/p>\n","protected":false},"author":2,"featured_media":166666,"comment_status":"closed","ping_status":"closed","sticky":false,"template":"","format":"standard","meta":{"sfsi_plus_gutenberg_text_before_share":"","sfsi_plus_gutenberg_show_text_before_share":"","sfsi_plus_gutenberg_icon_type":"","sfsi_plus_gutenberg_icon_alignemt":"","sfsi_plus_gutenburg_max_per_row":"","footnotes":""},"categories":[2],"tags":[],"class_list":["post-166665","post","type-post","status-publish","format-standard","has-post-thumbnail","hentry","category-geral"],"_links":{"self":[{"href":"https:\/\/www.caririemacao.com\/1\/wp-json\/wp\/v2\/posts\/166665","targetHints":{"allow":["GET"]}}],"collection":[{"href":"https:\/\/www.caririemacao.com\/1\/wp-json\/wp\/v2\/posts"}],"about":[{"href":"https:\/\/www.caririemacao.com\/1\/wp-json\/wp\/v2\/types\/post"}],"author":[{"embeddable":true,"href":"https:\/\/www.caririemacao.com\/1\/wp-json\/wp\/v2\/users\/2"}],"replies":[{"embeddable":true,"href":"https:\/\/www.caririemacao.com\/1\/wp-json\/wp\/v2\/comments?post=166665"}],"version-history":[{"count":1,"href":"https:\/\/www.caririemacao.com\/1\/wp-json\/wp\/v2\/posts\/166665\/revisions"}],"predecessor-version":[{"id":166667,"href":"https:\/\/www.caririemacao.com\/1\/wp-json\/wp\/v2\/posts\/166665\/revisions\/166667"}],"wp:featuredmedia":[{"embeddable":true,"href":"https:\/\/www.caririemacao.com\/1\/wp-json\/wp\/v2\/media\/166666"}],"wp:attachment":[{"href":"https:\/\/www.caririemacao.com\/1\/wp-json\/wp\/v2\/media?parent=166665"}],"wp:term":[{"taxonomy":"category","embeddable":true,"href":"https:\/\/www.caririemacao.com\/1\/wp-json\/wp\/v2\/categories?post=166665"},{"taxonomy":"post_tag","embeddable":true,"href":"https:\/\/www.caririemacao.com\/1\/wp-json\/wp\/v2\/tags?post=166665"}],"curies":[{"name":"wp","href":"https:\/\/api.w.org\/{rel}","templated":true}]}}