{"id":166670,"date":"2020-04-30T07:19:19","date_gmt":"2020-04-30T10:19:19","guid":{"rendered":"https:\/\/www.caririemacao.com\/1\/?p=166670"},"modified":"2020-04-30T07:19:19","modified_gmt":"2020-04-30T10:19:19","slug":"paraiba-confirma-115-novos-casos-de-covid-19","status":"publish","type":"post","link":"https:\/\/www.caririemacao.com\/1\/2020\/04\/30\/paraiba-confirma-115-novos-casos-de-covid-19\/","title":{"rendered":"Para\u00edba confirma 115 novos casos de covid-19"},"content":{"rendered":"\n<h1 class=\"wp-block-heading\"><\/h1>\n\n\n\n<figure class=\"wp-block-image\"><img decoding=\"async\" data-src=\"https:\/\/thumbor.clickpb.com.br\/GCk2R5DU6Dlso7q3LjMoOwPmfCU=\/1920x766\/top\/smart\/www.clickpb.com.br\/media\/filer_public\/fd\/cc\/fdcc64e6-3478-4d02-a0e8-40841cbec1d9\/coronavirus-test.jpeg\" alt=\"\" src=\"data:image\/svg+xml;base64,PHN2ZyB3aWR0aD0iMSIgaGVpZ2h0PSIxIiB4bWxucz0iaHR0cDovL3d3dy53My5vcmcvMjAwMC9zdmciPjwvc3ZnPg==\" class=\"lazyload\" \/><\/figure>\n\n\n\n<p>A Secretaria de Estado da Sa\u00fade da Para\u00edba confirmou, em boletim divulgado na tarde desta quarta-feira (29), os n\u00fameros de casos confirmados de covid-19 na Para\u00edba.<\/p>\n\n\n\n<p>O estado tem 1.616 casos descartados para a infec\u00e7\u00e3o pela Covid-19. O total \u00e9 de 62 \u00f3bitos pelo novo coronav\u00edrus. A soma de recuperados chega a 152.<\/p>\n\n\n\n<p>Confira abaixo:<\/p>\n\n\n\n<ul class=\"wp-block-list\"><li>Casos confirmados: 814<\/li><li>Casos descartados: 1616<\/li><li>\u00d3bitos confirmados: 62<\/li><li>Casos recuperados: 152<\/li><\/ul>\n\n\n\n<p>Os casos est\u00e3o distribu\u00eddos em 49 munic\u00edpios.\u00a0<\/p>\n\n\n\n<p>Os casos confirmados est\u00e3o distribu\u00eddos em 49 munic\u00edpios: Alagoa Grande (1); Alagoa Nova (1); Alhandra (1); Ara\u00e7agi (1); Areia (1); Barra de S\u00e3o Miguel (1); Bayeux (30); Bom Jesus (1); Boqueir\u00e3o (1); Brejo do Cruz (1); Caapor\u00e3 (2); Cabedelo (26); Cajazeiras (5); Campina Grande (51); Catingueira (1); Conde (8); Congo (1); Coremas (1); Coxixola (1); Cruz do Esp\u00edrito Santo (3); Esperan\u00e7a (2); Guarabira (4); Gurinh\u00e9m (1); Igaracy (1); Itabaiana (2); Itapororoca (3); Jo\u00e3o Pessoa (499); Junco do Serid\u00f3 (3); Lagoa Seca (2); Lucena (3); Mari (1); Marizopolis (3); Patos (17); Pedras de Fogo (5); Pombal (2); Queimadas (2); Riach\u00e3o Po\u00e7o (1); Riacho dos Cavalos (1); Santa Helena (1); Santa Rita (72); S\u00e3o Bento (4); S\u00e3o Jo\u00e3o do Rio do Peixe (5); S\u00e3o Jos\u00e9 de Piranhas (1); S\u00e3o Jos\u00e9 do Bonfim (1); Sap\u00e9 (24); Serra Branca (1); Sousa (12); Tapero\u00e1 (2); Umbuzeiro (1)<\/p>\n\n\n\n<p>Mais cinco \u00f3bitos foram confirmados em rela\u00e7\u00e3o aos n\u00fameros divulgados nesta ter\u00e7a-feira.&nbsp;<\/p>\n\n\n\n<p>Mulher, gestante, 20 anos, idade gestacional de 22 semanas, in\u00edcio dos sintomas no dia 24\/04, coletado exame no dia 26\/04, como comorbidade apresentava asma, j\u00e1 se encontrava em leito de UTI com quadro de choque s\u00e9ptico em maternidade na Capital. Residia em Jo\u00e3o Pessoa, \u00f3bito no dia 28\/04.<\/p>\n\n\n\n<p>Homem de 41 anos, hipertenso, morreu nesta quarta-feira (29), residente em Bayeux. Ele apresentou os sintomas da doen\u00e7a em 20 de abril e foi atendido em uma Unidade de Pronto Atendimento (UPA).&nbsp;<\/p>\n\n\n\n<p>Mulher, idosa, 94 anos, residia em Jo\u00e3o Pessoa em institui\u00e7\u00e3o para amparo de idosos, estava interna em Hospital Privado, portadora de doen\u00e7a neurol\u00f3gica, \u00f3bito no dia 28\/04.<\/p>\n\n\n\n<p>Homem, 54 anos, residia em Santa Rita, in\u00edcio dos sintomas no dia 20\/04 estava interno em Hospital P\u00fablico, \u00f3bito no dia 27\/04.<\/p>\n\n\n\n<p>Homem, 90 anos, idoso, portador de doen\u00e7a cardiovascular cr\u00f4nica, residente em Jo\u00e3o Pessoa, in\u00edcio dos sintomas no dia 16\/04, atendido em hospital privado e veio a \u00f3bito 26\/04.<\/p>\n","protected":false},"excerpt":{"rendered":"<p>A Secretaria de Estado da Sa\u00fade da Para\u00edba confirmou, em boletim divulgado na tarde desta quarta-feira (29), os n\u00fameros de casos confirmados de covid-19 na&hellip; <\/p>\n","protected":false},"author":2,"featured_media":164437,"comment_status":"closed","ping_status":"closed","sticky":false,"template":"","format":"standard","meta":{"sfsi_plus_gutenberg_text_before_share":"","sfsi_plus_gutenberg_show_text_before_share":"","sfsi_plus_gutenberg_icon_type":"","sfsi_plus_gutenberg_icon_alignemt":"","sfsi_plus_gutenburg_max_per_row":"","footnotes":""},"categories":[16],"tags":[],"class_list":["post-166670","post","type-post","status-publish","format-standard","has-post-thumbnail","hentry","category-saude"],"_links":{"self":[{"href":"https:\/\/www.caririemacao.com\/1\/wp-json\/wp\/v2\/posts\/166670","targetHints":{"allow":["GET"]}}],"collection":[{"href":"https:\/\/www.caririemacao.com\/1\/wp-json\/wp\/v2\/posts"}],"about":[{"href":"https:\/\/www.caririemacao.com\/1\/wp-json\/wp\/v2\/types\/post"}],"author":[{"embeddable":true,"href":"https:\/\/www.caririemacao.com\/1\/wp-json\/wp\/v2\/users\/2"}],"replies":[{"embeddable":true,"href":"https:\/\/www.caririemacao.com\/1\/wp-json\/wp\/v2\/comments?post=166670"}],"version-history":[{"count":1,"href":"https:\/\/www.caririemacao.com\/1\/wp-json\/wp\/v2\/posts\/166670\/revisions"}],"predecessor-version":[{"id":166671,"href":"https:\/\/www.caririemacao.com\/1\/wp-json\/wp\/v2\/posts\/166670\/revisions\/166671"}],"wp:featuredmedia":[{"embeddable":true,"href":"https:\/\/www.caririemacao.com\/1\/wp-json\/wp\/v2\/media\/164437"}],"wp:attachment":[{"href":"https:\/\/www.caririemacao.com\/1\/wp-json\/wp\/v2\/media?parent=166670"}],"wp:term":[{"taxonomy":"category","embeddable":true,"href":"https:\/\/www.caririemacao.com\/1\/wp-json\/wp\/v2\/categories?post=166670"},{"taxonomy":"post_tag","embeddable":true,"href":"https:\/\/www.caririemacao.com\/1\/wp-json\/wp\/v2\/tags?post=166670"}],"curies":[{"name":"wp","href":"https:\/\/api.w.org\/{rel}","templated":true}]}}