{"id":166673,"date":"2020-04-30T07:44:45","date_gmt":"2020-04-30T10:44:45","guid":{"rendered":"https:\/\/www.caririemacao.com\/1\/?p=166673"},"modified":"2020-04-30T07:44:45","modified_gmt":"2020-04-30T10:44:45","slug":"peguei-coronavirus-dentro-de-casa-conta-sikera-jr-em-participacao-ao-vivo-no-alerta-nacional","status":"publish","type":"post","link":"https:\/\/www.caririemacao.com\/1\/2020\/04\/30\/peguei-coronavirus-dentro-de-casa-conta-sikera-jr-em-participacao-ao-vivo-no-alerta-nacional\/","title":{"rendered":"Peguei coronav\u00edrus dentro de casa&#8217;, conta Sik\u00eara Jr. em participa\u00e7\u00e3o ao vivo no &#8216;Alerta Nacional&#8217;"},"content":{"rendered":"\n<h1 class=\"wp-block-heading\"><\/h1>\n\n\n\n<figure class=\"wp-block-image\"><img decoding=\"async\" data-src=\"https:\/\/thumbor.clickpb.com.br\/2cABkeqBX6vFsWtyhYv3o24PgdY=\/876x585\/top\/smart\/www.clickpb.com.br\/media\/filer_public\/1f\/f7\/1ff70670-7b90-4d87-9283-a866510a7410\/screenshot_4.jpg\" alt=\"\" src=\"data:image\/svg+xml;base64,PHN2ZyB3aWR0aD0iMSIgaGVpZ2h0PSIxIiB4bWxucz0iaHR0cDovL3d3dy53My5vcmcvMjAwMC9zdmciPjwvc3ZnPg==\" class=\"lazyload\" \/><\/figure>\n\n\n\n<p>O apresentador Sik\u00eara Jr. confirmou, em participa\u00e7\u00e3o ao vivo no &#8216;Alerta Nacional&#8217; nesta quarta-feira (29),&nbsp;que seu exame deu positivo para o novo coronav\u00edrus.<\/p>\n\n\n\n<p>Ele contou que foi contaminado mesmo sem&nbsp;ignorar o isolamento social.<\/p>\n\n\n\n<p>&#8220;A enfermeira que estava cuidado da minha esposa aqui estava com COVID, ela que passo pra n\u00f3s. A\u00ed tudo mundo pegou! O que vou fazer agora? O que deu devo fazer? N\u00e3o tem pra onde correr, peguei dentro de casa!&#8221;, contou Sik\u00eara Jr.<\/p>\n\n\n\n<p>Sik\u00eara Jr. desmentiu os rumores de que estaria com os dois pulm\u00f5es comprometidos.&nbsp;<\/p>\n\n\n\n<p>Na semana passada, ele passou mal e foi substitu\u00eddo na apresenta\u00e7\u00e3o do Alerta Nacional, da RedeTV!. Na ocasi\u00e3o, ele fez um primeiro teste de covid-19 e obteve resultado negativo. Nesta quarta, ele apresentou o resultado da contraprova.<\/p>\n\n\n\n<p>Sik\u00eara Jr. pediu que o brasileiro &#8220;n\u00e3o subestime o coronav\u00edrus, como eu fiz, \u00e9 mais s\u00e9rio do que eu imaginava&#8221;.<\/p>\n\n\n\n<p>&#8220;\u00c9 uma surpresa, n\u00e9? A gente acha que s\u00f3 pega fogo na casa do vizinho, n\u00e9? E a vida me deu essa li\u00e7\u00e3o. A gente n\u00e3o acredita enquanto n\u00e3o acontece com a gente, n\u00e9? A gente n\u00e3o acredita. Enquanto acontece com o nosso vizinho, normal. Mas quando acontece conosco, a hist\u00f3ria \u00e9 outra. E \u00e9 isso. Estou aqui, apesar de tanta especula\u00e7\u00e3o&#8221;, disse ele, em entrevista ao &#8220;Alerta Nacional&#8221;.<\/p>\n\n\n\n<p>&#8220;Agora estou bem, estou bem acompanhado. Estou tomando a medica\u00e7\u00e3o, seguindo \u00e0 risca o que eles me orientaram. Pedi a Deus que eu passe por essa. \u00c9 um v\u00edrus longo, a ci\u00eancia est\u00e1 brigando para conseguir uma f\u00f3rmula nova&#8221;, concluiu.<\/p>\n","protected":false},"excerpt":{"rendered":"<p>O apresentador Sik\u00eara Jr. confirmou, em participa\u00e7\u00e3o ao vivo no &#8216;Alerta Nacional&#8217; nesta quarta-feira (29),&nbsp;que seu exame deu positivo para o novo coronav\u00edrus. Ele contou&hellip; <\/p>\n","protected":false},"author":2,"featured_media":166674,"comment_status":"closed","ping_status":"closed","sticky":false,"template":"","format":"standard","meta":{"sfsi_plus_gutenberg_text_before_share":"","sfsi_plus_gutenberg_show_text_before_share":"","sfsi_plus_gutenberg_icon_type":"","sfsi_plus_gutenberg_icon_alignemt":"","sfsi_plus_gutenburg_max_per_row":"","footnotes":""},"categories":[2],"tags":[],"class_list":["post-166673","post","type-post","status-publish","format-standard","has-post-thumbnail","hentry","category-geral"],"_links":{"self":[{"href":"https:\/\/www.caririemacao.com\/1\/wp-json\/wp\/v2\/posts\/166673","targetHints":{"allow":["GET"]}}],"collection":[{"href":"https:\/\/www.caririemacao.com\/1\/wp-json\/wp\/v2\/posts"}],"about":[{"href":"https:\/\/www.caririemacao.com\/1\/wp-json\/wp\/v2\/types\/post"}],"author":[{"embeddable":true,"href":"https:\/\/www.caririemacao.com\/1\/wp-json\/wp\/v2\/users\/2"}],"replies":[{"embeddable":true,"href":"https:\/\/www.caririemacao.com\/1\/wp-json\/wp\/v2\/comments?post=166673"}],"version-history":[{"count":1,"href":"https:\/\/www.caririemacao.com\/1\/wp-json\/wp\/v2\/posts\/166673\/revisions"}],"predecessor-version":[{"id":166675,"href":"https:\/\/www.caririemacao.com\/1\/wp-json\/wp\/v2\/posts\/166673\/revisions\/166675"}],"wp:featuredmedia":[{"embeddable":true,"href":"https:\/\/www.caririemacao.com\/1\/wp-json\/wp\/v2\/media\/166674"}],"wp:attachment":[{"href":"https:\/\/www.caririemacao.com\/1\/wp-json\/wp\/v2\/media?parent=166673"}],"wp:term":[{"taxonomy":"category","embeddable":true,"href":"https:\/\/www.caririemacao.com\/1\/wp-json\/wp\/v2\/categories?post=166673"},{"taxonomy":"post_tag","embeddable":true,"href":"https:\/\/www.caririemacao.com\/1\/wp-json\/wp\/v2\/tags?post=166673"}],"curies":[{"name":"wp","href":"https:\/\/api.w.org\/{rel}","templated":true}]}}