{"id":166676,"date":"2020-04-30T07:50:36","date_gmt":"2020-04-30T10:50:36","guid":{"rendered":"https:\/\/www.caririemacao.com\/1\/?p=166676"},"modified":"2020-04-30T07:50:36","modified_gmt":"2020-04-30T10:50:36","slug":"em-videoconferencia-com-ministro-da-saude-joao-azevedo-solicita-leitos-de-uti-e-registro-de-respiradores-fabricados-pela-uepb","status":"publish","type":"post","link":"https:\/\/www.caririemacao.com\/1\/2020\/04\/30\/em-videoconferencia-com-ministro-da-saude-joao-azevedo-solicita-leitos-de-uti-e-registro-de-respiradores-fabricados-pela-uepb\/","title":{"rendered":"Em videoconfer\u00eancia com ministro da Sa\u00fade, Jo\u00e3o Azev\u00eado solicita leitos de UTI e registro de respiradores fabricados pela UEPB"},"content":{"rendered":"\n<h1 class=\"wp-block-heading\"><\/h1>\n\n\n\n<h3 class=\"wp-block-heading\"><\/h3>\n\n\n\n<p>O governador Jo\u00e3o Azev\u00eado participou, nesta quarta-feira (29), de reuni\u00e3o, por meio de videoconfer\u00eancia, com o ministro da Sa\u00fade, Nelson Teich. Na ocasi\u00e3o, o chefe do Executivo estadual refor\u00e7ou o pedido para o envio de respiradores para equipar Unidades de Terapia Intensiva (UTI) destinadas ao atendimento de pacientes com coronav\u00edrus e solicitou agilidade no processo de an\u00e1lise do registro de respiradores fabricados pela Universidade Estadual da Para\u00edba (UEPB) junto \u00e0 Ag\u00eancia Nacional de Vigil\u00e2ncia Sanit\u00e1ria (Anvisa).\u00a0<\/p>\n\n\n\n<p>\u201cA UEPB j\u00e1 tem uma parceria com o Minist\u00e9rio da Sa\u00fade dentro desse N\u00facleo, que j\u00e1 fabrica monitores e outros equipamentos para o governo e que j\u00e1 tem um projeto de respirador j\u00e1 testado e vamos fazer a solicita\u00e7\u00e3o desse registro na Anvisa esta semana; essa pode ser uma alternativa para suprir a nossa demanda porque \u00e9 poss\u00edvel produzir dez ventiladores pulmonares por dia, o que representaria um al\u00edvio dentro do sistema de sa\u00fade\u201d, disse.&nbsp;<\/p>\n\n\n\n<figure class=\"wp-block-image\"><img decoding=\"async\" data-src=\"https:\/\/www.clickpb.com.br\/media\/filer_public\/f8\/ac\/f8ac7b68-d4ca-4c2a-8adb-d16635c4747d\/unnamed_2.jpg\" alt=\"\" src=\"data:image\/svg+xml;base64,PHN2ZyB3aWR0aD0iMSIgaGVpZ2h0PSIxIiB4bWxucz0iaHR0cDovL3d3dy53My5vcmcvMjAwMC9zdmciPjwvc3ZnPg==\" class=\"lazyload\" \/><\/figure>\n\n\n\n<p>Na oportunidade, o governador tamb\u00e9m agradeceu a habilita\u00e7\u00e3o de 82 leitos do Estado junto ao Minist\u00e9rio da Sa\u00fade (MS) e recebeu a garantia do ministro de que as regras para a distribui\u00e7\u00e3o de recursos para o combate \u00e0 Covid-19 ser\u00e3o modificadas.&nbsp;<\/p>\n\n\n\n<p>Por sua vez, o ministro Nelson Teich pediu o apoio dos Estados na busca de alternativas para a aquisi\u00e7\u00e3o de equipamentos necess\u00e1rios ao enfrentamento do coronav\u00edrus e assegurou que o \u00f3rg\u00e3o ir\u00e1 priorizar ajuda \u00e0s cidades com n\u00fameros cr\u00edticos da doen\u00e7a, dentre as quais, est\u00e1 inclu\u00edda a Capital paraibana.<\/p>\n\n\n\n<figure class=\"wp-block-image\"><img decoding=\"async\" data-src=\"https:\/\/www.clickpb.com.br\/media\/filer_public\/98\/d6\/98d6d778-a3eb-4de6-b760-ff46c98ce48e\/unnamed_1.jpg\" alt=\"\" src=\"data:image\/svg+xml;base64,PHN2ZyB3aWR0aD0iMSIgaGVpZ2h0PSIxIiB4bWxucz0iaHR0cDovL3d3dy53My5vcmcvMjAwMC9zdmciPjwvc3ZnPg==\" class=\"lazyload\" \/><\/figure>\n","protected":false},"excerpt":{"rendered":"<p>O governador Jo\u00e3o Azev\u00eado participou, nesta quarta-feira (29), de reuni\u00e3o, por meio de videoconfer\u00eancia, com o ministro da Sa\u00fade, Nelson Teich. Na ocasi\u00e3o, o chefe&hellip; <\/p>\n","protected":false},"author":2,"featured_media":166677,"comment_status":"closed","ping_status":"closed","sticky":false,"template":"","format":"standard","meta":{"sfsi_plus_gutenberg_text_before_share":"","sfsi_plus_gutenberg_show_text_before_share":"","sfsi_plus_gutenberg_icon_type":"","sfsi_plus_gutenberg_icon_alignemt":"","sfsi_plus_gutenburg_max_per_row":"","footnotes":""},"categories":[2],"tags":[],"class_list":["post-166676","post","type-post","status-publish","format-standard","has-post-thumbnail","hentry","category-geral"],"_links":{"self":[{"href":"https:\/\/www.caririemacao.com\/1\/wp-json\/wp\/v2\/posts\/166676","targetHints":{"allow":["GET"]}}],"collection":[{"href":"https:\/\/www.caririemacao.com\/1\/wp-json\/wp\/v2\/posts"}],"about":[{"href":"https:\/\/www.caririemacao.com\/1\/wp-json\/wp\/v2\/types\/post"}],"author":[{"embeddable":true,"href":"https:\/\/www.caririemacao.com\/1\/wp-json\/wp\/v2\/users\/2"}],"replies":[{"embeddable":true,"href":"https:\/\/www.caririemacao.com\/1\/wp-json\/wp\/v2\/comments?post=166676"}],"version-history":[{"count":1,"href":"https:\/\/www.caririemacao.com\/1\/wp-json\/wp\/v2\/posts\/166676\/revisions"}],"predecessor-version":[{"id":166678,"href":"https:\/\/www.caririemacao.com\/1\/wp-json\/wp\/v2\/posts\/166676\/revisions\/166678"}],"wp:featuredmedia":[{"embeddable":true,"href":"https:\/\/www.caririemacao.com\/1\/wp-json\/wp\/v2\/media\/166677"}],"wp:attachment":[{"href":"https:\/\/www.caririemacao.com\/1\/wp-json\/wp\/v2\/media?parent=166676"}],"wp:term":[{"taxonomy":"category","embeddable":true,"href":"https:\/\/www.caririemacao.com\/1\/wp-json\/wp\/v2\/categories?post=166676"},{"taxonomy":"post_tag","embeddable":true,"href":"https:\/\/www.caririemacao.com\/1\/wp-json\/wp\/v2\/tags?post=166676"}],"curies":[{"name":"wp","href":"https:\/\/api.w.org\/{rel}","templated":true}]}}