{"id":166680,"date":"2020-04-30T07:54:25","date_gmt":"2020-04-30T10:54:25","guid":{"rendered":"https:\/\/www.caririemacao.com\/1\/?p=166680"},"modified":"2020-04-30T07:54:25","modified_gmt":"2020-04-30T10:54:25","slug":"bolsonaro-contraria-agu-e-diz-que-recorrera-para-ter-ramagem-na-pf-quem-manda-sou-eu","status":"publish","type":"post","link":"https:\/\/www.caririemacao.com\/1\/2020\/04\/30\/bolsonaro-contraria-agu-e-diz-que-recorrera-para-ter-ramagem-na-pf-quem-manda-sou-eu\/","title":{"rendered":"Bolsonaro contraria AGU e diz que recorrer\u00e1 para ter Ramagem na PF: &#8216;Quem manda sou eu&#8217;"},"content":{"rendered":"\n<h1 class=\"wp-block-heading\"><\/h1>\n\n\n\n<p>O presidente Jair Bolsonaro afirmou nesta quarta-feira (29) a apoiadores e jornalistas, na porta do Pal\u00e1cio da Alvorada, que pretende recorrer da decis\u00e3o do ministro Alexandre de Moraes, do Supremo Tribunal Federal (STF), e voltar a nomear Alexandre Ramagem como diretor-geral da Pol\u00edcia Federal.<\/p>\n\n\n\n<p>Mais cedo, o governo tornou a nomea\u00e7\u00e3o de Ramagem sem efeito e a Advocacia-Geral da Uni\u00e3o (AGU) havia divulgado nota oficial informando que n\u00e3o recorreria da decis\u00e3o de Moraes. Com isso, a nomea\u00e7\u00e3o de Ramagem estaria derrubada em definitivo, e o governo teria que procurar um novo nome para o cargo.<\/p>\n\n\n\n<p>&#8220;Eu quero o Ramagem l\u00e1. \u00c9 uma inger\u00eancia, n\u00e9? Vamos fazer tudo para o Ramagem. Se n\u00e3o for, vai chegar a hora dele, e vamos colocar outra pessoa&#8221;, declarou Bolsonaro.<\/p>\n\n\n\n<p>Questionado sobre o posicionamento anterior da AGU, Bolsonaro afirmou que recorrer \u00e9 um &#8220;dever do \u00f3rg\u00e3o&#8221;. E completou: &#8220;Quem manda sou eu&#8221;.<\/p>\n\n\n\n<p>Se, de fato, a AGU recorrer da decis\u00e3o de Moraes, o caso deve ser levado \u00e0 an\u00e1lise dos 11 ministros do Supremo Tribunal Federal.<\/p>\n\n\n\n<p>O STF tem se reunido em sess\u00f5es por videoconfer\u00eancia desde o in\u00edcio da pandemia do coronav\u00edrus, votando com prioridade temas ligados \u00e0 Covid-19. Outros assuntos t\u00eam sido levados a julgamento virtual, em que os ministros depositam votos no sistema eletr\u00f4nico sem o debate em plen\u00e1rio.<\/p>\n\n\n\n<p>Nesta quarta, o colunista do G1 e da GloboNews Gerson Camarotti informou que, caso isso aconte\u00e7a, h\u00e1 maioria no plen\u00e1rio do STF para manter a decis\u00e3o de Moraes e impedir a posse de Alexandre Ramagem na dire\u00e7\u00e3o-geral da PF.<\/p>\n\n\n\n<p><strong>AGU diz que n\u00e3o<\/strong><\/p>\n\n\n\n<p>No fim da tarde, no Pal\u00e1cio do Planalto, o novo advogado-geral da Uni\u00e3o, Jos\u00e9 Levi Mello, foi abordado por jornalistas sobre um poss\u00edvel recurso da decis\u00e3o de Moraes.<\/p>\n\n\n\n<p>Jos\u00e9 Levi Mello, que aparentava n\u00e3o saber o que Bolsonaro havia falado no Pal\u00e1cio da Alvorada cerca de 30 minutos antes, disse: \u201cJ\u00e1 foi dito que n\u00e3o [a AGU n\u00e3o recorrer\u00e1]\u201d.<\/p>\n\n\n\n<p>Ele se referia \u00e0 nota divulgada pela AGU, na qual o \u00f3rg\u00e3o diz que, em raz\u00e3o do decreto que anulou a nomea\u00e7\u00e3o, n\u00e3o recorreria da decis\u00e3o de Moraes.<\/p>\n\n\n\n<p>Na sequ\u00eancia, Levi Mello foi informado sobre a declara\u00e7\u00e3o do presidente em que Bolsonaro diz que o governo recorrer\u00e1. O novo advogado-geral da Uni\u00e3o disse que Bolsonaro n\u00e3o havia falado isso.<\/p>\n\n\n\n<p><strong>Idas e vindas<\/strong><\/p>\n\n\n\n<p>O cargo de diretor-geral da PF est\u00e1 vago desde a \u00faltima sexta (24), quando a exonera\u00e7\u00e3o do delegado Maur\u00edcio Valeixo foi publicada no &#8220;Di\u00e1rio Oficial da Uni\u00e3o&#8221;. O ato levou o ent\u00e3o ministro da Justi\u00e7a e Seguran\u00e7a P\u00fablica, Sergio Moro, a pedir demiss\u00e3o e acusar Jair Bolsonaro de tentar interferir no trabalho da corpora\u00e7\u00e3o.<\/p>\n\n\n\n<p>Ramagem foi nomeado no &#8220;Di\u00e1rio Oficial&#8221; desta ter\u00e7a e chegou a ter a posse marcada para esta quarta. Mas, pela manh\u00e3, o ministro Alexandre de Moraes emitiu decis\u00e3o liminar (provis\u00f3ria), a pedido do PDT, e suspendeu a nomea\u00e7\u00e3o.<\/p>\n\n\n\n<p>Segundo Moraes, h\u00e1 ind\u00edcios de desvio de finalidade na posse de Alexandre Ramagem. Isso porque, de acordo com Sergio Moro, Bolsonaro decidiu mudar o comando da PF para obter informa\u00e7\u00f5es privilegiadas sobre inqu\u00e9ritos que envolvem os filhos do presidente \u2013 o vereador do Rio Carlos Bolsonaro (Republicanos) e o deputado federal Eduardo Bolsonaro (PSL-SP).<\/p>\n\n\n\n<p>Pouco ap\u00f3s a divulga\u00e7\u00e3o da nota da AGU, Bolsonaro deu posse no Pal\u00e1cio do Planalto ao novo ministro da Justi\u00e7a, Andr\u00e9 Luiz Mendon\u00e7a, e ao novo advogado-geral da Uni\u00e3o, Jos\u00e9 Levi Mello. As duas mudan\u00e7as foram derivadas da sa\u00edda de Moro do governo.<\/p>\n\n\n\n<p>Ao discursar, Bolsonaro comentou a decis\u00e3o de Moraes e o cancelamento da posse de Ramagem \u2013 e afirmou que &#8220;brevemente&#8221; concretizar\u00e1 o &#8220;sonho&#8221; de empossar o delegado no comando da PF.<\/p>\n\n\n\n<p>&#8220;Uma das quest\u00f5es importantes, que quem nomeia sou eu: a nossa PF n\u00e3o persegue ningu\u00e9m, exceto bandidos. Respeito o Poder Judici\u00e1rio, mas antes de tudo respeitamos a nossa Constitui\u00e7\u00e3o. O Ramagem foi impedido por uma decis\u00e3o monocr\u00e1tica de um ministro do STF. Eu gostaria de honr\u00e1-lo no dia de hoje dando posse como diretor da PF. Tenho certeza que esse sonho meu, mas dele, brevemente se concretizar\u00e1, para o bem da PF e do Brasil&#8221;, declarou Bolsonaro.<\/p>\n","protected":false},"excerpt":{"rendered":"<p>O presidente Jair Bolsonaro afirmou nesta quarta-feira (29) a apoiadores e jornalistas, na porta do Pal\u00e1cio da Alvorada, que pretende recorrer da decis\u00e3o do ministro&hellip; <\/p>\n","protected":false},"author":2,"featured_media":166681,"comment_status":"closed","ping_status":"closed","sticky":false,"template":"","format":"standard","meta":{"sfsi_plus_gutenberg_text_before_share":"","sfsi_plus_gutenberg_show_text_before_share":"","sfsi_plus_gutenberg_icon_type":"","sfsi_plus_gutenberg_icon_alignemt":"","sfsi_plus_gutenburg_max_per_row":"","footnotes":""},"categories":[11],"tags":[],"class_list":["post-166680","post","type-post","status-publish","format-standard","has-post-thumbnail","hentry","category-politica"],"_links":{"self":[{"href":"https:\/\/www.caririemacao.com\/1\/wp-json\/wp\/v2\/posts\/166680","targetHints":{"allow":["GET"]}}],"collection":[{"href":"https:\/\/www.caririemacao.com\/1\/wp-json\/wp\/v2\/posts"}],"about":[{"href":"https:\/\/www.caririemacao.com\/1\/wp-json\/wp\/v2\/types\/post"}],"author":[{"embeddable":true,"href":"https:\/\/www.caririemacao.com\/1\/wp-json\/wp\/v2\/users\/2"}],"replies":[{"embeddable":true,"href":"https:\/\/www.caririemacao.com\/1\/wp-json\/wp\/v2\/comments?post=166680"}],"version-history":[{"count":1,"href":"https:\/\/www.caririemacao.com\/1\/wp-json\/wp\/v2\/posts\/166680\/revisions"}],"predecessor-version":[{"id":166682,"href":"https:\/\/www.caririemacao.com\/1\/wp-json\/wp\/v2\/posts\/166680\/revisions\/166682"}],"wp:featuredmedia":[{"embeddable":true,"href":"https:\/\/www.caririemacao.com\/1\/wp-json\/wp\/v2\/media\/166681"}],"wp:attachment":[{"href":"https:\/\/www.caririemacao.com\/1\/wp-json\/wp\/v2\/media?parent=166680"}],"wp:term":[{"taxonomy":"category","embeddable":true,"href":"https:\/\/www.caririemacao.com\/1\/wp-json\/wp\/v2\/categories?post=166680"},{"taxonomy":"post_tag","embeddable":true,"href":"https:\/\/www.caririemacao.com\/1\/wp-json\/wp\/v2\/tags?post=166680"}],"curies":[{"name":"wp","href":"https:\/\/api.w.org\/{rel}","templated":true}]}}