{"id":166685,"date":"2020-04-30T08:01:07","date_gmt":"2020-04-30T11:01:07","guid":{"rendered":"https:\/\/www.caririemacao.com\/1\/?p=166685"},"modified":"2020-04-30T08:01:07","modified_gmt":"2020-04-30T11:01:07","slug":"sindalcool-solicita-autorizacao-da-anvisa-para-producao-em-larga-escala-de-alcool-70-na-paraiba","status":"publish","type":"post","link":"https:\/\/www.caririemacao.com\/1\/2020\/04\/30\/sindalcool-solicita-autorizacao-da-anvisa-para-producao-em-larga-escala-de-alcool-70-na-paraiba\/","title":{"rendered":"Sindalcool solicita autoriza\u00e7\u00e3o da Anvisa para produ\u00e7\u00e3o em larga escala de \u00e1lcool 70% na Para\u00edba"},"content":{"rendered":"\n<h1 class=\"wp-block-heading\"><\/h1>\n\n\n\n<p>O Sindicato da Ind\u00fastria de Fabrica\u00e7\u00e3o de \u00c1lcool na Para\u00edba (Sindalcool) requereu nesta ter\u00e7a-feira (28), a Ag\u00eancia Nacional de Vigil\u00e2ncia Sanit\u00e1ria (Anvisa), autoriza\u00e7\u00e3o para a produ\u00e7\u00e3o de \u00e1lcool 70%, em suas v\u00e1rias formas de apresenta\u00e7\u00e3o, al\u00e9m do transporte, fornecimento a hospitais e comercializa\u00e7\u00e3o do produto, pelo prazo de dois anos pelas Usinas Miriri, Japungu, Monte Alegre, Giasa e D\u2019P\u00e1dua com a finalidade de redu\u00e7\u00e3o da contamina\u00e7\u00e3o pelo Covid-19.<\/p>\n\n\n\n<p>De acordo com o documento, o produto ser\u00e1 comercializado em toda a regi\u00e3o Nordeste com condi\u00e7\u00f5es acess\u00edveis \u00e0 popula\u00e7\u00e3o, por meio de farm\u00e1cias, lojas de conveni\u00eancia, mercadinhos e supermercados, al\u00e9m de outras formas encontradas pelo Governo do Estado para fazer chegar \u00e0s comunidades perif\u00e9ricas, pr\u00e1ticas e condi\u00e7\u00f5es de assepsia.&nbsp;<\/p>\n\n\n\n<p>Dentre as justificativas da solicita\u00e7\u00e3o, o Sindalcool alegou que as usinas j\u00e1 elencadas, produzem \u00e1lcool et\u00edlico a mais de 40 anos e fornecem regularmente para ind\u00fastrias de medicamentos, saneantes, cosm\u00e9ticos e de bebidas de outros Estados da Federa\u00e7\u00e3o, e possui ainda, as melhores condi\u00e7\u00f5es de ofertar, nesta fase da pandemia Covid-19, o \u00e1lcool 70% livre de elevados custos de log\u00edstica.<\/p>\n\n\n\n<p>No requerimento \u00e0 Anvisa, tamb\u00e9m foi considerado, a necessidade de medidas emergenciais e tempor\u00e1rias que possibilitem a adequa\u00e7\u00e3o das condi\u00e7\u00f5es de trabalho aos efeitos da atual crise sanit\u00e1ria, a fim de se garantir a sobreviv\u00eancia de empresas e a preserva\u00e7\u00e3o do emprego, ocupa\u00e7\u00e3o e renda dos trabalhadores e trabalhadoras.<\/p>\n\n\n\n<p>Ainda foi alegado no documento, que ao permitir \u00e0s usinas, a produ\u00e7\u00e3o e comercializa\u00e7\u00e3o de \u00e1lcool 70%, o produto chegar\u00e1 a pre\u00e7os mais acess\u00edveis \u00e0 popula\u00e7\u00e3o em vulnerabilidade social, pois as empresas de cosm\u00e9ticos e saneantes, autorizadas para esse fim, n\u00e3o possuem uma pol\u00edtica de pre\u00e7os mais competitivos, em rela\u00e7\u00e3o ao setor sucroenerg\u00e9tico.<\/p>\n\n\n\n<p>O Sindalcool tamb\u00e9m justificou no requerimento, uma autoriza\u00e7\u00e3o concedida pela Ag\u00eancia Estadual de Vigil\u00e2ncia Sanit\u00e1ria (Agevisa) por um prazo ex\u00edguo de 180 dias, invi\u00e1vel para viabilizar qualquer a\u00e7\u00e3o de produ\u00e7\u00e3o e distribui\u00e7\u00e3o com retorno econ\u00f4mico.<\/p>\n\n\n\n<p>Para o presidente do Sindalcool, Edmundo Barbosa, esta limita\u00e7\u00e3o \u00e9 um impeditivo ao abastecimento do mercado, no exato momento em que se fazem urgentes medidas de facilita\u00e7\u00e3o de acesso da popula\u00e7\u00e3o.<\/p>\n\n\n\n<p>No documento, o Sindalcool corrobora com a opini\u00e3o do m\u00e9dico e professor adjunto da UFPB, Ricardo Azevedo Pontes, ao afirmar que o \u00e1lcool \u00e9 uma arma estrat\u00e9gica para se diminuir o risco de dissemina\u00e7\u00e3o do v\u00edrus neste surto atual, e de poss\u00edveis recorr\u00eancias futuras pelos pr\u00f3ximos dois anos, estimativa para que entre 50 a 80% da popula\u00e7\u00e3o seja imunizada pelo v\u00edrus ou eventual vacina.<\/p>\n","protected":false},"excerpt":{"rendered":"<p>O Sindicato da Ind\u00fastria de Fabrica\u00e7\u00e3o de \u00c1lcool na Para\u00edba (Sindalcool) requereu nesta ter\u00e7a-feira (28), a Ag\u00eancia Nacional de Vigil\u00e2ncia Sanit\u00e1ria (Anvisa), autoriza\u00e7\u00e3o para a&hellip; <\/p>\n","protected":false},"author":2,"featured_media":166686,"comment_status":"closed","ping_status":"closed","sticky":false,"template":"","format":"standard","meta":{"sfsi_plus_gutenberg_text_before_share":"","sfsi_plus_gutenberg_show_text_before_share":"","sfsi_plus_gutenberg_icon_type":"","sfsi_plus_gutenberg_icon_alignemt":"","sfsi_plus_gutenburg_max_per_row":"","footnotes":""},"categories":[2],"tags":[],"class_list":["post-166685","post","type-post","status-publish","format-standard","has-post-thumbnail","hentry","category-geral"],"_links":{"self":[{"href":"https:\/\/www.caririemacao.com\/1\/wp-json\/wp\/v2\/posts\/166685","targetHints":{"allow":["GET"]}}],"collection":[{"href":"https:\/\/www.caririemacao.com\/1\/wp-json\/wp\/v2\/posts"}],"about":[{"href":"https:\/\/www.caririemacao.com\/1\/wp-json\/wp\/v2\/types\/post"}],"author":[{"embeddable":true,"href":"https:\/\/www.caririemacao.com\/1\/wp-json\/wp\/v2\/users\/2"}],"replies":[{"embeddable":true,"href":"https:\/\/www.caririemacao.com\/1\/wp-json\/wp\/v2\/comments?post=166685"}],"version-history":[{"count":1,"href":"https:\/\/www.caririemacao.com\/1\/wp-json\/wp\/v2\/posts\/166685\/revisions"}],"predecessor-version":[{"id":166687,"href":"https:\/\/www.caririemacao.com\/1\/wp-json\/wp\/v2\/posts\/166685\/revisions\/166687"}],"wp:featuredmedia":[{"embeddable":true,"href":"https:\/\/www.caririemacao.com\/1\/wp-json\/wp\/v2\/media\/166686"}],"wp:attachment":[{"href":"https:\/\/www.caririemacao.com\/1\/wp-json\/wp\/v2\/media?parent=166685"}],"wp:term":[{"taxonomy":"category","embeddable":true,"href":"https:\/\/www.caririemacao.com\/1\/wp-json\/wp\/v2\/categories?post=166685"},{"taxonomy":"post_tag","embeddable":true,"href":"https:\/\/www.caririemacao.com\/1\/wp-json\/wp\/v2\/tags?post=166685"}],"curies":[{"name":"wp","href":"https:\/\/api.w.org\/{rel}","templated":true}]}}