{"id":166689,"date":"2020-04-30T08:04:15","date_gmt":"2020-04-30T11:04:15","guid":{"rendered":"https:\/\/www.caririemacao.com\/1\/?p=166689"},"modified":"2020-04-30T08:04:15","modified_gmt":"2020-04-30T11:04:15","slug":"brasil-acumula-5-466-mortes-e-78-162-casos-confirmados-de-covid-19","status":"publish","type":"post","link":"https:\/\/www.caririemacao.com\/1\/2020\/04\/30\/brasil-acumula-5-466-mortes-e-78-162-casos-confirmados-de-covid-19\/","title":{"rendered":"Brasil acumula 5.466 mortes e 78.162 casos confirmados de covid-19"},"content":{"rendered":"\n<h1 class=\"wp-block-heading\"><\/h1>\n\n\n\n<h3 class=\"wp-block-heading\"><\/h3>\n\n\n\n<p>O Brasil contabiliza, at\u00e9 a tarde desta quarta-feira (29), 5.466 mortes por covid-19, com acr\u00e9scimo de 449 novos \u00f3bitos nas \u00faltimas 24 horas, informa o Minist\u00e9rio da Sa\u00fade.<\/p>\n\n\n\n<p>O n\u00famero de casos j\u00e1 chega a 78.162, sendo 6.276 de ontem para hoje, maior n\u00famero di\u00e1rio desde o in\u00edcio da pandemia no pa\u00eds.<\/p>\n\n\n\n<p>O ministro da Sa\u00fade, Nelson Teich, disse ontem que a manuten\u00e7\u00e3o de n\u00fameros em um patamar elevado demonstra o &#8220;agravamento da situa\u00e7\u00e3o&#8221; da pandemia da covid-19 no pa\u00eds.&nbsp;<\/p>\n","protected":false},"excerpt":{"rendered":"<p>O Brasil contabiliza, at\u00e9 a tarde desta quarta-feira (29), 5.466 mortes por covid-19, com acr\u00e9scimo de 449 novos \u00f3bitos nas \u00faltimas 24 horas, informa o&hellip; <\/p>\n","protected":false},"author":2,"featured_media":166690,"comment_status":"closed","ping_status":"closed","sticky":false,"template":"","format":"standard","meta":{"sfsi_plus_gutenberg_text_before_share":"","sfsi_plus_gutenberg_show_text_before_share":"","sfsi_plus_gutenberg_icon_type":"","sfsi_plus_gutenberg_icon_alignemt":"","sfsi_plus_gutenburg_max_per_row":"","footnotes":""},"categories":[50,2],"tags":[],"class_list":["post-166689","post","type-post","status-publish","format-standard","has-post-thumbnail","hentry","category-destaque","category-geral"],"_links":{"self":[{"href":"https:\/\/www.caririemacao.com\/1\/wp-json\/wp\/v2\/posts\/166689","targetHints":{"allow":["GET"]}}],"collection":[{"href":"https:\/\/www.caririemacao.com\/1\/wp-json\/wp\/v2\/posts"}],"about":[{"href":"https:\/\/www.caririemacao.com\/1\/wp-json\/wp\/v2\/types\/post"}],"author":[{"embeddable":true,"href":"https:\/\/www.caririemacao.com\/1\/wp-json\/wp\/v2\/users\/2"}],"replies":[{"embeddable":true,"href":"https:\/\/www.caririemacao.com\/1\/wp-json\/wp\/v2\/comments?post=166689"}],"version-history":[{"count":1,"href":"https:\/\/www.caririemacao.com\/1\/wp-json\/wp\/v2\/posts\/166689\/revisions"}],"predecessor-version":[{"id":166691,"href":"https:\/\/www.caririemacao.com\/1\/wp-json\/wp\/v2\/posts\/166689\/revisions\/166691"}],"wp:featuredmedia":[{"embeddable":true,"href":"https:\/\/www.caririemacao.com\/1\/wp-json\/wp\/v2\/media\/166690"}],"wp:attachment":[{"href":"https:\/\/www.caririemacao.com\/1\/wp-json\/wp\/v2\/media?parent=166689"}],"wp:term":[{"taxonomy":"category","embeddable":true,"href":"https:\/\/www.caririemacao.com\/1\/wp-json\/wp\/v2\/categories?post=166689"},{"taxonomy":"post_tag","embeddable":true,"href":"https:\/\/www.caririemacao.com\/1\/wp-json\/wp\/v2\/tags?post=166689"}],"curies":[{"name":"wp","href":"https:\/\/api.w.org\/{rel}","templated":true}]}}