{"id":166693,"date":"2020-04-30T08:08:38","date_gmt":"2020-04-30T11:08:38","guid":{"rendered":"https:\/\/www.caririemacao.com\/1\/?p=166693"},"modified":"2020-04-30T08:08:38","modified_gmt":"2020-04-30T11:08:38","slug":"apos-decisao-de-moraes-governo-desiste-de-nomear-ramagem-e-procura-outro-diretor-para-a-policia-federal","status":"publish","type":"post","link":"https:\/\/www.caririemacao.com\/1\/2020\/04\/30\/apos-decisao-de-moraes-governo-desiste-de-nomear-ramagem-e-procura-outro-diretor-para-a-policia-federal\/","title":{"rendered":"Ap\u00f3s decis\u00e3o de Moraes, governo desiste de nomear Ramagem e procura outro diretor para a Pol\u00edcia Federal"},"content":{"rendered":"\n<h1 class=\"wp-block-heading\"><\/h1>\n\n\n\n<p>O presidente Jair Bolsonaro tornou sem efeito, na tarde desta quarta-feira (29), o decreto que nomeou o delegado Alexandre Ramagem como diretor-geral da Pol\u00edcia Federal. A revers\u00e3o do ato foi publicada em edi\u00e7\u00e3o extra do &#8220;Di\u00e1rio Oficial da Uni\u00e3o&#8221;.<\/p>\n\n\n\n<p>O texto atende a uma decis\u00e3o do ministro do Supremo Tribunal Federal (STF) Alexandre de Moraes, que suspendeu nesta quarta a indica\u00e7\u00e3o de Ramagem e apontou poss\u00edvel desvio de finalidade na decis\u00e3o de Jair Bolsonaro.<\/p>\n\n\n\n<p>A Advocacia-Geral da Uni\u00e3o (AGU) informou \u00e0 TV Globo que n\u00e3o vai recorrer da decis\u00e3o. Com isso, o governo desistiu de empossar Ramagem e procura outro nome para a dire\u00e7\u00e3o-geral da PF.<\/p>\n\n\n\n<p>A nomea\u00e7\u00e3o do diretor da Abin para o novo cargo tinha sido publicada no &#8220;Di\u00e1rio Oficial&#8221; de ter\u00e7a, junto com o nome do novo ministro da Justi\u00e7a, Andr\u00e9 Luiz Mendon\u00e7a.<\/p>\n\n\n\n<p>A posse de ambos estava marcada para as 15h desta quarta, em cerim\u00f4nia no Planalto. O evento foi mantido, com a posse de Mendon\u00e7a e do novo advogado-Geral da Uni\u00e3o, Jos\u00e9 Levi Mello.<\/p>\n\n\n\n<p>Com a nomea\u00e7\u00e3o anulada, Ramagem deve retomar a dire\u00e7\u00e3o-geral da Ag\u00eancia Brasileira de Intelig\u00eancia (Abin), onde tomou posse em julho de 2019.<\/p>\n\n\n\n<p><strong>A decis\u00e3o de Moraes<\/strong><\/p>\n\n\n\n<p>Moraes tomou decis\u00e3o liminar (provis\u00f3ria) em uma a\u00e7\u00e3o movida pelo PDT. Na decis\u00e3o, o ministro escreveu que em tese pode ter ocorrido desvio de finalidade na escolha de Ramagem &#8221; em inobserv\u00e2ncia aos princ\u00edpios constitucionais da impessoalidade, da moralidade e do interesse p\u00fablico.&#8221;<\/p>\n\n\n\n<p>Chefe da seguran\u00e7a de Bolsonaro na campanha eleitoral de 2018 e amigo de filhos do presidente, Ramagem foi escolhido para substituir Mauricio Valeixo. Bolsonaro justificou a troca ao falar que deseja ter algu\u00e9m de confian\u00e7a \u00e0 frente da PF.<\/p>\n\n\n\n<p>A mudan\u00e7a no comando do \u00f3rg\u00e3o fez o ex-juiz Sergio Moro pedir demiss\u00e3o do Minist\u00e9rio da Justi\u00e7a. Ao anunciar sua demiss\u00e3o, Moro alegou que o presidente mudou o comando da PF para tentar interferir politicamente no \u00f3rg\u00e3o e obter informa\u00e7\u00f5es sobre investiga\u00e7\u00f5es em curso. Bolsonaro nega.<\/p>\n\n\n\n<p><strong>LEIA MAIS<\/strong>:&nbsp;<a href=\"https:\/\/www.clickpb.com.br\/politica\/ministro-alexandre-de-moraes-suspende-nomeacao-de-ramagem-para-pf-283064.html\">Ministro Alexandre de Moraes suspende nomea\u00e7\u00e3o de Ramagem para PF<\/a><\/p>\n\n\n\n<p>O caso resultou em um inqu\u00e9rito no Supremo, autorizado pelo ministro Celso de Mello, a pedido do procurador-geral da Rep\u00fablica, Augusto Aras.<\/p>\n\n\n\n<p>No Pal\u00e1cio do Planalto, conforme mostrou reportagem do Fant\u00e1stico, h\u00e1 temor de que os dois inqu\u00e9ritos possam atingir dois filhos de Bolsonaro: o vereador do Rio de Janeiro Carlos Bolsonaro (Republicanos) e o deputado Eduardo Bolsonaro (PSL-SP).<\/p>\n\n\n\n<p>O relator dos inqu\u00e9ritos, ministro Alexandre de Moraes, determinou que os delegados \u00e0 frente dessas investiga\u00e7\u00f5es sejam mantidos na fun\u00e7\u00e3o, depois que Moro apontou os inqu\u00e9ritos como um motivo para a &#8220;desconfian\u00e7a&#8221; e a decis\u00e3o de Bolsonaro.<\/p>\n","protected":false},"excerpt":{"rendered":"<p>O presidente Jair Bolsonaro tornou sem efeito, na tarde desta quarta-feira (29), o decreto que nomeou o delegado Alexandre Ramagem como diretor-geral da Pol\u00edcia Federal.&hellip; <\/p>\n","protected":false},"author":2,"featured_media":166694,"comment_status":"closed","ping_status":"closed","sticky":false,"template":"","format":"standard","meta":{"sfsi_plus_gutenberg_text_before_share":"","sfsi_plus_gutenberg_show_text_before_share":"","sfsi_plus_gutenberg_icon_type":"","sfsi_plus_gutenberg_icon_alignemt":"","sfsi_plus_gutenburg_max_per_row":"","footnotes":""},"categories":[2],"tags":[],"class_list":["post-166693","post","type-post","status-publish","format-standard","has-post-thumbnail","hentry","category-geral"],"_links":{"self":[{"href":"https:\/\/www.caririemacao.com\/1\/wp-json\/wp\/v2\/posts\/166693","targetHints":{"allow":["GET"]}}],"collection":[{"href":"https:\/\/www.caririemacao.com\/1\/wp-json\/wp\/v2\/posts"}],"about":[{"href":"https:\/\/www.caririemacao.com\/1\/wp-json\/wp\/v2\/types\/post"}],"author":[{"embeddable":true,"href":"https:\/\/www.caririemacao.com\/1\/wp-json\/wp\/v2\/users\/2"}],"replies":[{"embeddable":true,"href":"https:\/\/www.caririemacao.com\/1\/wp-json\/wp\/v2\/comments?post=166693"}],"version-history":[{"count":1,"href":"https:\/\/www.caririemacao.com\/1\/wp-json\/wp\/v2\/posts\/166693\/revisions"}],"predecessor-version":[{"id":166695,"href":"https:\/\/www.caririemacao.com\/1\/wp-json\/wp\/v2\/posts\/166693\/revisions\/166695"}],"wp:featuredmedia":[{"embeddable":true,"href":"https:\/\/www.caririemacao.com\/1\/wp-json\/wp\/v2\/media\/166694"}],"wp:attachment":[{"href":"https:\/\/www.caririemacao.com\/1\/wp-json\/wp\/v2\/media?parent=166693"}],"wp:term":[{"taxonomy":"category","embeddable":true,"href":"https:\/\/www.caririemacao.com\/1\/wp-json\/wp\/v2\/categories?post=166693"},{"taxonomy":"post_tag","embeddable":true,"href":"https:\/\/www.caririemacao.com\/1\/wp-json\/wp\/v2\/tags?post=166693"}],"curies":[{"name":"wp","href":"https:\/\/api.w.org\/{rel}","templated":true}]}}