{"id":166697,"date":"2020-04-30T08:23:21","date_gmt":"2020-04-30T11:23:21","guid":{"rendered":"https:\/\/www.caririemacao.com\/1\/?p=166697"},"modified":"2020-04-30T08:23:21","modified_gmt":"2020-04-30T11:23:21","slug":"mais-de-462-milhoes-de-pessoas-ja-receberam-o-auxilio-emergencial","status":"publish","type":"post","link":"https:\/\/www.caririemacao.com\/1\/2020\/04\/30\/mais-de-462-milhoes-de-pessoas-ja-receberam-o-auxilio-emergencial\/","title":{"rendered":"Mais de 46,2 milh\u00f5es de pessoas j\u00e1 receberam o aux\u00edlio emergencial"},"content":{"rendered":"\n<h2 class=\"wp-block-heading\"><\/h2>\n\n\n\n<h4 class=\"wp-block-heading\"><\/h4>\n\n\n\n<p>Mais de 46,2 milh\u00f5es de brasileiros j\u00e1 tiveram a primeira parcela de R$ 600 do Aux\u00edlio Emergencial creditada em suas contas, o que representa a libera\u00e7\u00e3o pelo governo federal de R$ 32,8 bilh\u00f5es, segundo o Minist\u00e9rio da Cidadania. O total de contemplados supera a popula\u00e7\u00e3o de pa\u00edses como o Canad\u00e1 (37,5 milh\u00f5es de habitantes), e a Argentina (44,5 milh\u00f5es).<\/p>\n\n\n\n<p>O aplicativo criado pela Caixa teve 67,5 milh\u00f5es de&nbsp;<em>downloads<\/em>&nbsp;e permitiu 49,2 milh\u00f5es de cadastros. A Central de Atendimento 111, para tirar d\u00favidas das pessoas, recebeu mais de 98,6 milh\u00f5es de liga\u00e7\u00f5es. Os n\u00fameros foram atualizados pela Caixa Econ\u00f4mica Federal no fim da tarde dessa quarta-feira (29).<\/p>\n\n\n\n<p>A estimativa do minist\u00e9rio \u00e9 de que at\u00e9 70 milh\u00f5es de brasileiros recebam os recursos. &#8220;J\u00e1 superamos 45 milh\u00f5es de brasileiros contemplados, isso contando 14,2 milh\u00f5es ligados ao Programa Bolsa Fam\u00edlia, outros milh\u00f5es do Cadastro \u00danico Federal (que n\u00e3o s\u00e3o do Bolsa Fam\u00edlia) e j\u00e1 estamos virando a casa dos 15 milh\u00f5es via aplicativo&#8221;, disse o ministro da Cidadania, Onyx Lorenzoni.<\/p>\n\n\n\n<p>O aux\u00edlio emergencial contempla integrantes do Bolsa Fam\u00edlia e pessoas inscritas em outros programas que constam do Cadastro \u00danico do Governo Federal, al\u00e9m de microempreendedores individuais, aut\u00f4nomos e contribuintes individuais do Instituto Nacional do Seguro Social (INSS) que se encaixam nos crit\u00e9rios da lei.<\/p>\n\n\n\n<p>Os benefici\u00e1rios do Bolsa Fam\u00edlia eleg\u00edveis recebem o cr\u00e9dito no mesmo calend\u00e1rio e na mesma forma do benef\u00edcio regular.<\/p>\n","protected":false},"excerpt":{"rendered":"<p>Mais de 46,2 milh\u00f5es de brasileiros j\u00e1 tiveram a primeira parcela de R$ 600 do Aux\u00edlio Emergencial creditada em suas contas, o que representa a&hellip; <\/p>\n","protected":false},"author":2,"featured_media":63442,"comment_status":"closed","ping_status":"closed","sticky":false,"template":"","format":"standard","meta":{"sfsi_plus_gutenberg_text_before_share":"","sfsi_plus_gutenberg_show_text_before_share":"","sfsi_plus_gutenberg_icon_type":"","sfsi_plus_gutenberg_icon_alignemt":"","sfsi_plus_gutenburg_max_per_row":"","footnotes":""},"categories":[2],"tags":[],"class_list":["post-166697","post","type-post","status-publish","format-standard","has-post-thumbnail","hentry","category-geral"],"_links":{"self":[{"href":"https:\/\/www.caririemacao.com\/1\/wp-json\/wp\/v2\/posts\/166697","targetHints":{"allow":["GET"]}}],"collection":[{"href":"https:\/\/www.caririemacao.com\/1\/wp-json\/wp\/v2\/posts"}],"about":[{"href":"https:\/\/www.caririemacao.com\/1\/wp-json\/wp\/v2\/types\/post"}],"author":[{"embeddable":true,"href":"https:\/\/www.caririemacao.com\/1\/wp-json\/wp\/v2\/users\/2"}],"replies":[{"embeddable":true,"href":"https:\/\/www.caririemacao.com\/1\/wp-json\/wp\/v2\/comments?post=166697"}],"version-history":[{"count":1,"href":"https:\/\/www.caririemacao.com\/1\/wp-json\/wp\/v2\/posts\/166697\/revisions"}],"predecessor-version":[{"id":166701,"href":"https:\/\/www.caririemacao.com\/1\/wp-json\/wp\/v2\/posts\/166697\/revisions\/166701"}],"wp:featuredmedia":[{"embeddable":true,"href":"https:\/\/www.caririemacao.com\/1\/wp-json\/wp\/v2\/media\/63442"}],"wp:attachment":[{"href":"https:\/\/www.caririemacao.com\/1\/wp-json\/wp\/v2\/media?parent=166697"}],"wp:term":[{"taxonomy":"category","embeddable":true,"href":"https:\/\/www.caririemacao.com\/1\/wp-json\/wp\/v2\/categories?post=166697"},{"taxonomy":"post_tag","embeddable":true,"href":"https:\/\/www.caririemacao.com\/1\/wp-json\/wp\/v2\/tags?post=166697"}],"curies":[{"name":"wp","href":"https:\/\/api.w.org\/{rel}","templated":true}]}}