{"id":166698,"date":"2020-04-30T08:22:55","date_gmt":"2020-04-30T11:22:55","guid":{"rendered":"https:\/\/www.caririemacao.com\/1\/?p=166698"},"modified":"2020-04-30T08:22:55","modified_gmt":"2020-04-30T11:22:55","slug":"policia-militar-apreende-arma-de-fogo-em-serra-branca","status":"publish","type":"post","link":"https:\/\/www.caririemacao.com\/1\/2020\/04\/30\/policia-militar-apreende-arma-de-fogo-em-serra-branca\/","title":{"rendered":"Pol\u00edcia Militar apreende arma de fogo em Serra Branca"},"content":{"rendered":"\n<p>A guarni\u00e7\u00e3o da Pol\u00edcia Militar que estava realizando a \u201copera\u00e7\u00e3o p\u00f4r do sol\u201d, ao fazer rondas nas proximidades do bairro Pereiros, no entorno da BR 412, cujo d\u00e1 acesso ao santu\u00e1rio, na cidade de Serra Branca-PB, avistou dois indiv\u00edduos que ao perceberem a presen\u00e7a da viatura, pularam uma cerca e correram para o matagal. <\/p>\n\n\n\n<p>Foram realizadas buscas e no local foram encontrados uma espingarda de fabrica\u00e7\u00e3o artesanal e um bolsa contendo recipientes com p\u00f3lvora, chumbo e espoletas. <\/p>\n\n\n\n<p>O material apreendido foi encaminhado a Delegacia de Pol\u00edcia Civil, para realiza\u00e7\u00e3o dos procedimentos legais.<\/p>\n\n\n\n<p><em>MATERIAL APREENDIDO<\/em><\/p>\n\n\n\n<ul class=\"wp-block-list\"><li>Uma espingarda com sistema de antecarga<\/li><\/ul>\n","protected":false},"excerpt":{"rendered":"<p>A guarni\u00e7\u00e3o da Pol\u00edcia Militar que estava realizando a \u201copera\u00e7\u00e3o p\u00f4r do sol\u201d, ao fazer rondas nas proximidades do bairro Pereiros, no entorno da BR&hellip; <\/p>\n","protected":false},"author":2,"featured_media":166699,"comment_status":"closed","ping_status":"closed","sticky":false,"template":"","format":"standard","meta":{"sfsi_plus_gutenberg_text_before_share":"","sfsi_plus_gutenberg_show_text_before_share":"","sfsi_plus_gutenberg_icon_type":"","sfsi_plus_gutenberg_icon_alignemt":"","sfsi_plus_gutenburg_max_per_row":"","footnotes":""},"categories":[50,12],"tags":[],"class_list":["post-166698","post","type-post","status-publish","format-standard","has-post-thumbnail","hentry","category-destaque","category-policia"],"_links":{"self":[{"href":"https:\/\/www.caririemacao.com\/1\/wp-json\/wp\/v2\/posts\/166698","targetHints":{"allow":["GET"]}}],"collection":[{"href":"https:\/\/www.caririemacao.com\/1\/wp-json\/wp\/v2\/posts"}],"about":[{"href":"https:\/\/www.caririemacao.com\/1\/wp-json\/wp\/v2\/types\/post"}],"author":[{"embeddable":true,"href":"https:\/\/www.caririemacao.com\/1\/wp-json\/wp\/v2\/users\/2"}],"replies":[{"embeddable":true,"href":"https:\/\/www.caririemacao.com\/1\/wp-json\/wp\/v2\/comments?post=166698"}],"version-history":[{"count":1,"href":"https:\/\/www.caririemacao.com\/1\/wp-json\/wp\/v2\/posts\/166698\/revisions"}],"predecessor-version":[{"id":166700,"href":"https:\/\/www.caririemacao.com\/1\/wp-json\/wp\/v2\/posts\/166698\/revisions\/166700"}],"wp:featuredmedia":[{"embeddable":true,"href":"https:\/\/www.caririemacao.com\/1\/wp-json\/wp\/v2\/media\/166699"}],"wp:attachment":[{"href":"https:\/\/www.caririemacao.com\/1\/wp-json\/wp\/v2\/media?parent=166698"}],"wp:term":[{"taxonomy":"category","embeddable":true,"href":"https:\/\/www.caririemacao.com\/1\/wp-json\/wp\/v2\/categories?post=166698"},{"taxonomy":"post_tag","embeddable":true,"href":"https:\/\/www.caririemacao.com\/1\/wp-json\/wp\/v2\/tags?post=166698"}],"curies":[{"name":"wp","href":"https:\/\/api.w.org\/{rel}","templated":true}]}}