{"id":166715,"date":"2020-04-30T09:13:09","date_gmt":"2020-04-30T12:13:09","guid":{"rendered":"https:\/\/www.caririemacao.com\/1\/?p=166715"},"modified":"2020-04-30T09:13:09","modified_gmt":"2020-04-30T12:13:09","slug":"o-sistema-de-controle-na-administracao-publica-em-tempos-de-pandemia","status":"publish","type":"post","link":"https:\/\/www.caririemacao.com\/1\/2020\/04\/30\/o-sistema-de-controle-na-administracao-publica-em-tempos-de-pandemia\/","title":{"rendered":"O sistema de controle na Administra\u00e7\u00e3o P\u00fablica em tempos de pandemia"},"content":{"rendered":"\n<p>A coluna de hoje, escrita em colabora\u00e7\u00e3o com o Professor Walter Pereira Dias Netto, trata dos efeitos da dissemina\u00e7\u00e3o do novo coronav\u00edrus na Administra\u00e7\u00e3o P\u00fablica, especialmente no que diz respeito aos instrumentos de controle frente \u00e0 necessidade de compras emergenciais e urgentes, junto com a concretiza\u00e7\u00e3o de pol\u00edticas p\u00fablicas de assist\u00eancia social, ou seja, utiliza\u00e7\u00e3o de recursos p\u00fablicos, com or\u00e7amentos estabelecidos anteriormente nas leis pr\u00f3prias.<\/p>\n\n\n\n<p>Na gest\u00e3o p\u00fablica, condutas variadas podem ser observadas, desde o cumprimento fiel \u00e0s regras tra\u00e7adas na legisla\u00e7\u00e3o espec\u00edfica, ainda que importe demora na solu\u00e7\u00e3o de problemas, flexibiliza\u00e7\u00e3o de normas para reduzir os impactos dos efeitos causados pela pandemia, at\u00e9 inadequa\u00e7\u00f5es com o potencial de caracterizarem condutas em desconformidade com os preceitos legais atualmente vigentes, evidenciando, dessa maneira, a urg\u00eancia com que o Poder P\u00fablico deve atuar para solucionar situa\u00e7\u00f5es extremas que dizem respeito \u00e0 vida de milhares de pessoas, preservando, ao mesmo tempo, a conformidade da tomada de decis\u00f5es em rela\u00e7\u00e3o aos princ\u00edpios que orientam o agir administrativo.<\/p>\n\n\n\n<p>\u00c9 nesse contexto, que se afirma a import\u00e2ncia de o administrador p\u00fablico refor\u00e7ar os instrumentos de controle interno, particularmente os mecanismos de governan\u00e7a, transpar\u00eancia, presta\u00e7\u00e3o de contas, participa\u00e7\u00e3o e controle social, com subs\u00eddio, inclusive, das notas e orienta\u00e7\u00f5es t\u00e9cnicas expedidas pelos \u00f3rg\u00e3os competentes voltadas ao decision making desses gestores.<\/p>\n\n\n\n<p>As crises geradas pela pandemia, em conjunto com a realidade pr\u00e1tica da gest\u00e3o p\u00fablica e a multiplicidade de condutas que a envolve, enfatiza, mais do que nunca, a import\u00e2ncia da atua\u00e7\u00e3o dos \u00f3rg\u00e3os de controle interno e externo, envolvendo, por isso, atua\u00e7\u00e3o preventiva e orientadora da pr\u00f3pria Administra\u00e7\u00e3o P\u00fablica, acompanhamento dos atos administrativos e de gest\u00e3o, entre outras pr\u00e1ticas.<\/p>\n\n\n\n<p>Somado ao plano normativo, com ampla legisla\u00e7\u00e3o, a exemplo da Lei n\u00ba 8.429\/1992 (Lei de Improbidade Administrativa), Lei n\u00ba 12.846\/2013 (Lei Anticorrup\u00e7\u00e3o), Lei n\u00ba 1.079\/1950 e Decreto-lei n\u00ba 201\/1967 (que definem os denominados crimes de responsabilidade) e Lei n\u00ba 9.504\/1997 (que enumera condutas vedadas em ano eleitoral), acrescenta-se que em tempos de pandemia, as li\u00e7\u00f5es aprendidas precisam funcionar como est\u00edmulo aos mecanismos de transpar\u00eancia, presta\u00e7\u00e3o de contas, controle social, participa\u00e7\u00e3o democr\u00e1tica, trazendo como resultado, no longo prazo, o aperfei\u00e7oamento de institui\u00e7\u00f5es e sistemas de controle.<\/p>\n\n\n\n<p><strong>Walter Pereira Dias Netto &#8211;&nbsp;<\/strong>Controlador-Geral do Munic\u00edpio de Santa Rita\/PB, Vice-Presidente da Comiss\u00e3o de Combate ao Nepotismo e \u00e0 Improbidade Administrativa da OAB\/PB, p\u00f3s-graduado em Direito P\u00fablico e em Direito Processual Civil, professor de curso de P\u00f3s-Gradua\u00e7\u00e3o, palestrante e ex-Procurador de Munic\u00edpio.&nbsp;<\/p>\n\n\n\n<p><strong>Wilson Sales Belchior&nbsp; &#8211;&nbsp;<\/strong>Graduado em Direito, especialista em Processo Civil e Energia El\u00e9trica, MBA em Gest\u00e3o Empresarial, Mestre em Direito e Gest\u00e3o de Conflitos, Doutorando em Direito Constitucional. Advogado, palestrante, professor universit\u00e1rio em cursos de p\u00f3s-gradua\u00e7\u00e3o em diferentes estados e autor de diversos artigos e livros, publicados em revistas, jornais, portais de not\u00edcias e editoras de circula\u00e7\u00e3o nacional. Atualmente \u00e9 Conselheiro Federal da OAB eleito para o tri\u00eanio 2019-2021 e Presidente da Comiss\u00e3o Nacional de Direito Banc\u00e1rio.<\/p>\n","protected":false},"excerpt":{"rendered":"<p>A coluna de hoje, escrita em colabora\u00e7\u00e3o com o Professor Walter Pereira Dias Netto, trata dos efeitos da dissemina\u00e7\u00e3o do novo coronav\u00edrus na Administra\u00e7\u00e3o P\u00fablica,&hellip; <\/p>\n","protected":false},"author":2,"featured_media":166342,"comment_status":"closed","ping_status":"closed","sticky":false,"template":"","format":"standard","meta":{"sfsi_plus_gutenberg_text_before_share":"","sfsi_plus_gutenberg_show_text_before_share":"","sfsi_plus_gutenberg_icon_type":"","sfsi_plus_gutenberg_icon_alignemt":"","sfsi_plus_gutenburg_max_per_row":"","footnotes":""},"categories":[2],"tags":[],"class_list":["post-166715","post","type-post","status-publish","format-standard","has-post-thumbnail","hentry","category-geral"],"_links":{"self":[{"href":"https:\/\/www.caririemacao.com\/1\/wp-json\/wp\/v2\/posts\/166715","targetHints":{"allow":["GET"]}}],"collection":[{"href":"https:\/\/www.caririemacao.com\/1\/wp-json\/wp\/v2\/posts"}],"about":[{"href":"https:\/\/www.caririemacao.com\/1\/wp-json\/wp\/v2\/types\/post"}],"author":[{"embeddable":true,"href":"https:\/\/www.caririemacao.com\/1\/wp-json\/wp\/v2\/users\/2"}],"replies":[{"embeddable":true,"href":"https:\/\/www.caririemacao.com\/1\/wp-json\/wp\/v2\/comments?post=166715"}],"version-history":[{"count":1,"href":"https:\/\/www.caririemacao.com\/1\/wp-json\/wp\/v2\/posts\/166715\/revisions"}],"predecessor-version":[{"id":166716,"href":"https:\/\/www.caririemacao.com\/1\/wp-json\/wp\/v2\/posts\/166715\/revisions\/166716"}],"wp:featuredmedia":[{"embeddable":true,"href":"https:\/\/www.caririemacao.com\/1\/wp-json\/wp\/v2\/media\/166342"}],"wp:attachment":[{"href":"https:\/\/www.caririemacao.com\/1\/wp-json\/wp\/v2\/media?parent=166715"}],"wp:term":[{"taxonomy":"category","embeddable":true,"href":"https:\/\/www.caririemacao.com\/1\/wp-json\/wp\/v2\/categories?post=166715"},{"taxonomy":"post_tag","embeddable":true,"href":"https:\/\/www.caririemacao.com\/1\/wp-json\/wp\/v2\/tags?post=166715"}],"curies":[{"name":"wp","href":"https:\/\/api.w.org\/{rel}","templated":true}]}}