{"id":166718,"date":"2020-04-30T09:19:33","date_gmt":"2020-04-30T12:19:33","guid":{"rendered":"https:\/\/www.caririemacao.com\/1\/?p=166718"},"modified":"2020-04-30T09:19:33","modified_gmt":"2020-04-30T12:19:33","slug":"stf-volta-a-julgar-pena-de-ex-presidente-lula-no-caso-do-triplex-na-proxima-terca-com-transmissao-no-youtube","status":"publish","type":"post","link":"https:\/\/www.caririemacao.com\/1\/2020\/04\/30\/stf-volta-a-julgar-pena-de-ex-presidente-lula-no-caso-do-triplex-na-proxima-terca-com-transmissao-no-youtube\/","title":{"rendered":"STF volta a julgar pena de ex-presidente Lula no caso do triplex, na pr\u00f3xima ter\u00e7a, com transmiss\u00e3o no Youtube"},"content":{"rendered":"\n<p> A Quinta Turma do Superior Tribunal de Justi\u00e7a (STJ), deve analisar na pr\u00f3xima ter\u00e7a-feira (5), em sess\u00e3o por videoconfer\u00eancia, a possibilidade de modifica\u00e7\u00e3o do regime inicial de cumprimento da pena de oito anos e dez meses de reclus\u00e3o do ex-presidente Luiz In\u00e1cio Lula da Silva, a que ele foi condenado no caso do triplex do Guaruj\u00e1 (SP). A pena, pelos crimes de corrup\u00e7\u00e3o passiva e lavagem de dinheiro, foi estabelecida pelo colegiado em abril do ano passado. \u00a0<\/p>\n\n\n\n<p>A sess\u00e3o ser\u00e1 transmitida pelo canal do STJ no YouTube, a partir das 14h. Nela tamb\u00e9m ser\u00e3o julgados embargos de declara\u00e7\u00e3o opostos por outros r\u00e9us da a\u00e7\u00e3o penal e pelo Minist\u00e9rio P\u00fablico Federal.&nbsp;<\/p>\n\n\n\n<p>As sess\u00f5es virtuais nos colegiados de direito penal foram implementadas recentemente, ap\u00f3s a aprova\u00e7\u00e3o, pelo Pleno do STJ, da Emenda Regimental 36\/2020, e s\u00e3o destinadas ao julgamento dos chamados recursos internos (embargos de declara\u00e7\u00e3o e agravos regimentais).<\/p>\n\n\n\n<p>Apesar de n\u00e3o ser necess\u00e1ria a publica\u00e7\u00e3o de pauta e de n\u00e3o haver sustenta\u00e7\u00f5es orais, \u00e9 garantida ao advogado a possibilidade de manifesta\u00e7\u00e3o, inclusive por meio de memoriais, durante o prazo de realiza\u00e7\u00e3o da sess\u00e3o virtual (sete dias).<\/p>\n\n\n\n<p>Entretanto, ap\u00f3s destaque apresentado pelos ministros do colegiado durante o prazo da sess\u00e3o virtual, os embargos de declara\u00e7\u00e3o da defesa de Lula foram encaminhados para an\u00e1lise na sess\u00e3o por videoconfer\u00eancia, que substitui, de forma excepcional durante a pandemia no novo coronav\u00edrus (Covid-19), as sess\u00f5es presenciais.<\/p>\n","protected":false},"excerpt":{"rendered":"<p>A Quinta Turma do Superior Tribunal de Justi\u00e7a (STJ), deve analisar na pr\u00f3xima ter\u00e7a-feira (5), em sess\u00e3o por videoconfer\u00eancia, a possibilidade de modifica\u00e7\u00e3o do regime&hellip; <\/p>\n","protected":false},"author":2,"featured_media":166719,"comment_status":"closed","ping_status":"closed","sticky":false,"template":"","format":"standard","meta":{"sfsi_plus_gutenberg_text_before_share":"","sfsi_plus_gutenberg_show_text_before_share":"","sfsi_plus_gutenberg_icon_type":"","sfsi_plus_gutenberg_icon_alignemt":"","sfsi_plus_gutenburg_max_per_row":"","footnotes":""},"categories":[2],"tags":[],"class_list":["post-166718","post","type-post","status-publish","format-standard","has-post-thumbnail","hentry","category-geral"],"_links":{"self":[{"href":"https:\/\/www.caririemacao.com\/1\/wp-json\/wp\/v2\/posts\/166718","targetHints":{"allow":["GET"]}}],"collection":[{"href":"https:\/\/www.caririemacao.com\/1\/wp-json\/wp\/v2\/posts"}],"about":[{"href":"https:\/\/www.caririemacao.com\/1\/wp-json\/wp\/v2\/types\/post"}],"author":[{"embeddable":true,"href":"https:\/\/www.caririemacao.com\/1\/wp-json\/wp\/v2\/users\/2"}],"replies":[{"embeddable":true,"href":"https:\/\/www.caririemacao.com\/1\/wp-json\/wp\/v2\/comments?post=166718"}],"version-history":[{"count":1,"href":"https:\/\/www.caririemacao.com\/1\/wp-json\/wp\/v2\/posts\/166718\/revisions"}],"predecessor-version":[{"id":166720,"href":"https:\/\/www.caririemacao.com\/1\/wp-json\/wp\/v2\/posts\/166718\/revisions\/166720"}],"wp:featuredmedia":[{"embeddable":true,"href":"https:\/\/www.caririemacao.com\/1\/wp-json\/wp\/v2\/media\/166719"}],"wp:attachment":[{"href":"https:\/\/www.caririemacao.com\/1\/wp-json\/wp\/v2\/media?parent=166718"}],"wp:term":[{"taxonomy":"category","embeddable":true,"href":"https:\/\/www.caririemacao.com\/1\/wp-json\/wp\/v2\/categories?post=166718"},{"taxonomy":"post_tag","embeddable":true,"href":"https:\/\/www.caririemacao.com\/1\/wp-json\/wp\/v2\/tags?post=166718"}],"curies":[{"name":"wp","href":"https:\/\/api.w.org\/{rel}","templated":true}]}}