{"id":166721,"date":"2020-04-30T09:23:57","date_gmt":"2020-04-30T12:23:57","guid":{"rendered":"https:\/\/www.caririemacao.com\/1\/?p=166721"},"modified":"2020-04-30T09:23:57","modified_gmt":"2020-04-30T12:23:57","slug":"bolsonaro-diz-que-decisao-de-moraes-foi-politica-e-que-vai-recorrer-da-suspensao-da-nomeacao-de-ramagem-no-comando-da-pf","status":"publish","type":"post","link":"https:\/\/www.caririemacao.com\/1\/2020\/04\/30\/bolsonaro-diz-que-decisao-de-moraes-foi-politica-e-que-vai-recorrer-da-suspensao-da-nomeacao-de-ramagem-no-comando-da-pf\/","title":{"rendered":"Bolsonaro diz que decis\u00e3o de Moraes foi &#8216;pol\u00edtica&#8217; e que vai recorrer da suspens\u00e3o da nomea\u00e7\u00e3o de Ramagem no comando da PF"},"content":{"rendered":"\n<h1 class=\"wp-block-heading\"><\/h1>\n\n\n\n<p>O presidente Jair Bolsonaro disse nesta quinta-feira (30) que, na opini\u00e3o dele, a decis\u00e3o do ministro Alexandre de Moraes, do Supremo Tribunal Federal (STF), de suspender a nomea\u00e7\u00e3o do delegado Alexandre Ramagem para o comando da Pol\u00edcia Federal foi &#8220;pol\u00edtica&#8221;. Bolsonaro afirmou ainda que o governo vai recorrer da decis\u00e3o de Moraes.<\/p>\n\n\n\n<p>A decis\u00e3o de barrar o nome de Ramagem saiu na quarta-feira (29). Moraes entendeu que a nomea\u00e7\u00e3o, assinada por Bolsonaro, feria o princ\u00edpio da impessoalidade na administra\u00e7\u00e3o p\u00fablica. Ramagem \u00e9 amigo do presidente e de seus filhos. Al\u00e9m disso, o ex-ministro da Justi\u00e7a Sergio Moro, ao se demitir, disse que Bolsonaro tenta interferir politicamente na PF. Moraes levou em conta as considera\u00e7\u00f5es de Moro em sua decis\u00e3o.<\/p>\n\n\n\n<p>Bolsonaro falou com jornalistas na sa\u00edda da resid\u00eancia oficial do Pal\u00e1cio da Alvorada. Ele mencionou o fato de que Ramagem j\u00e1 comanda a Ag\u00eancia Brasileira de Intelig\u00eancia (Abin), portanto estaria apto para comandar a PF.<\/p>\n\n\n\n<p>&#8220;Se n\u00e3o pode estar na PF, n\u00e3o pode estar na Abin tamb\u00e9m. No meu entender, uma decis\u00e3o pol\u00edtica, pol\u00edtica. E ontem [quarta] comecei pronunciamento falando da Constitui\u00e7\u00e3o. Eu respeito a Constitui\u00e7\u00e3o e tudo tem um limite&#8221;, afirmou o presidente.<br>O presidente disse esperar que, ap\u00f3s o governo apresentar o recurso, a decis\u00e3o do tribunal seja t\u00e3o r\u00e1pida quanto a que suspendeu a nomea\u00e7\u00e3o de Ramagem.<\/p>\n\n\n\n<p>&#8220;Vai recorrer. Conversei ontem com Jorge, conversei tamb\u00e9m com outros ministros. E vai recorrer. Lamento agora que n\u00e3o tem tempo. Agora demora semanas, meses. Eu espero que seja t\u00e3o r\u00e1pida quanto a liminar&#8221;, continuou Bolsonaro.<\/p>\n\n\n\n<p>Ao mesmo tempo, ele afirmou que o governo estuda um novo nome: &#8220;Ent\u00e3o, estamos discutindo a\u00ed um novo nome, uma nova composi\u00e7\u00e3o para a gente fazer com que a Pol\u00edcia Federal realmente agora tenha isen\u00e7\u00e3o e ajude o Brasil com o trabalho que ela sempre fez desde a sua exist\u00eancia. Ent\u00e3o, a quest\u00e3o \u00e9 essa no momento&#8221;, declarou Bolsonaro.<\/p>\n\n\n\n<p>O presidente disse que ainda n\u00e3o engoliu a decis\u00e3o de Moraes. Para Bolsonaro, n\u00e3o \u00e9 assim que se trata um presidente da Rep\u00fablica.<\/p>\n\n\n\n<p>&#8220;Eu n\u00e3o engoli ainda essa decis\u00e3o do senhor Alexandre de Moraes. N\u00e3o engoli. N\u00e3o \u00e9 essa a forma de tratar um chefe do Executivo que n\u00e3o tem uma acusa\u00e7\u00e3o de corrup\u00e7\u00e3o, que faz todo o poss\u00edvel pelo o seu pa\u00eds, sacrifica sua fam\u00edlia, sacrifica seus amigos, sacrifica a todos&#8221;, reclamou Bolsonaro.<\/p>\n\n\n\n<p>Ele ainda sugeriu que Alexandre de Moraes s\u00f3 foi nomeado para o Supremo por ser amigo do ex-presidente Michel Temer. Moraes foi escolhido por Temer em 2017 para ocupar a vaga do ministro Teori Zavascki, morto em acidente de avi\u00e3o em janeiro daquele ano. Na \u00e9poca, Moraes era ministro da Justi\u00e7a do governo Temer.<\/p>\n\n\n\n<p>&#8220;Eu espero no m\u00ednimo isso do senhor Alexandre de Moraes. No m\u00ednimo, espero do senhor Alexandre de Moraes rapidez para a gente poder tomar as provid\u00eancias. N\u00e3o justifica a quest\u00e3o da impessoalidade. Como \u00e9 que o senhor Alexandre de Moraes foi para o Supremo? Amizade com o senhor Michel Temer. Ou n\u00e3o foi?&#8221;, disse Bolsonaro.<\/p>\n\n\n\n<p>O presidente continuou dirigindo cr\u00edticas ao ministro do Supremo. Para Bolsonaro, a decis\u00e3o de Moraes quase gerou uma crise institucional na quarta-feira. Ele afirmou que o ministro desautorizou uma decis\u00e3o do presidente da Rep\u00fablica com uma &#8220;canetada&#8221;.<\/p>\n\n\n\n<p>&#8220;Agora, tirar numa canetada, desautorizar o presidente da Rep\u00fablica com uma canetada dizendo em impessoalidade. Ontem quase tivemos uma crise institucional. Quase. Faltou pouco. Eu apelo a todos que respeitem a Constitui\u00e7\u00e3o. Eu n\u00e3o engoli ainda essa decis\u00e3o do senhor Alexandre de Moraes. N\u00e3o engoli. N\u00e3o \u00e9 essa a forma de tratar um chefe do Executivo&#8221;, disse Bolsonaro.<\/p>\n\n\n\n<p>Ele questionou se Moraes vai tirar Ramagem tamb\u00e9m da Abin, j\u00e1 que, segundo o presidente, o cargo \u00e9 t\u00e3o importante quantoo de diretor-geral da PF. Ele disse que &#8220;aguarda uma canetada&#8221; de Moraes determinando a sa\u00edda de Ramagem da Abin, para &#8220;manter a coer\u00eancia&#8221;.<\/p>\n\n\n\n<p>&#8220;Agora, eu pergunto ao senhor Alexandre de Moraes: o senhor vai tirar o Ramagem da Abin? \u00c9 t\u00e3o importante quanto o diretor-geral da Pol\u00edcia Federal. Se ele n\u00e3o pode ir para a PF, ele n\u00e3o pode ficar na Abin. Senhor Alexandre de Moraes, aguardo de vossa excel\u00eancia uma canetada para tirar o Ramagem da Ag\u00eancia Brasileira de Intelig\u00eancia. Para ser coerente&#8221;, argumentou o presidente.<\/p>\n\n\n\n<p>Por fim, Bolsonaro disse que n\u00e3o v\u00ea problema em nomear para a Pol\u00edcia Federal uma pessoa com quem ele tem amizade. &#8220;E da\u00ed?&#8221;, perguntou.<\/p>\n\n\n\n<p>&#8220;\u00c9 uma pessoa competente, segundo a pr\u00f3pria Pol\u00edcia Federal. E da\u00ed a rela\u00e7\u00e3o de amizade? A minha seguran\u00e7a pessoal s\u00f3 n\u00e3o dormia comigo. Tomava caf\u00e9, jantava, comia lanche, estava na rua. Fazia tudo comigo. Por que eu n\u00e3o posso prestigiar uma pessoa que, al\u00e9m do mais, eu conheci com essa profundidade?&#8221;, questionou.<\/p>\n\n\n\n<p><strong>Coronav\u00edrus<\/strong><br>O presidente voltou a afirmar, a exemplo do que j\u00e1 tinha feito na quarta-feira, que a cobran\u00e7a sobre as mortes provocadas pelo novo coronav\u00edrus no Brasil deve ser feita a governadores e prefeitos que adotaram medidas de isolamento.<\/p>\n\n\n\n<p>Ele afirmou que o governo federal vinha fazendo alertas sobre o coronav\u00edrus desde antes do Carnaval e que os governos estaduais, em especial os do Rio e S\u00e3o Paulo, ignoraram.<\/p>\n\n\n\n<p>Bolsonaro \u00e9 rival pol\u00edtico dos governadores Jo\u00e3o Doria (S\u00e3o Paulo) e Wilson Witzel (Rio de Janeiro). Nos primeiros dias ap\u00f3s as primeiras contamina\u00e7\u00f5es pelo v\u00edrus serem registradas no pa\u00eds, quando os governadores come\u00e7aram a adotar medidas de isolamento social, Bolsonaro fez duras cr\u00edticas \u00e0 iniciativa, em especial dirigidas a Doria e Witzel.<\/p>\n\n\n\n<p>No per\u00edodo antes de os casos se alastrarem pelo pa\u00eds, Bolsonaro chegou a chamar as rea\u00e7\u00f5es em torno da pandemia de coronav\u00edrus de &#8220;histeria&#8221; e classificar a doen\u00e7a causada pelo v\u00edrus de uma &#8220;gripezinha&#8221;.<\/p>\n\n\n\n<p>Agora, o presidente alega que parte da imprensa que colocar a crise &#8220;no colo&#8221; dele. O Brasil j\u00e1 tem mais mortos que a China, pa\u00eds onde come\u00e7ou o surto.<\/p>\n\n\n\n<p>&#8220;Governo federal desde antes do Carnaval j\u00e1 alertou sobre esse problema. Governadores, em especial o de S\u00e3o Paulo e do Rio ignoraram. O que mais grande parte da imprensa quer \u00e9 botar no meu colo a responsabilidade por mortes. \u00c9 o v\u00edrus politizado&#8221; disse.<\/p>\n","protected":false},"excerpt":{"rendered":"<p>O presidente Jair Bolsonaro disse nesta quinta-feira (30) que, na opini\u00e3o dele, a decis\u00e3o do ministro Alexandre de Moraes, do Supremo Tribunal Federal (STF), de&hellip; <\/p>\n","protected":false},"author":2,"featured_media":164444,"comment_status":"closed","ping_status":"closed","sticky":false,"template":"","format":"standard","meta":{"sfsi_plus_gutenberg_text_before_share":"","sfsi_plus_gutenberg_show_text_before_share":"","sfsi_plus_gutenberg_icon_type":"","sfsi_plus_gutenberg_icon_alignemt":"","sfsi_plus_gutenburg_max_per_row":"","footnotes":""},"categories":[11],"tags":[],"class_list":["post-166721","post","type-post","status-publish","format-standard","has-post-thumbnail","hentry","category-politica"],"_links":{"self":[{"href":"https:\/\/www.caririemacao.com\/1\/wp-json\/wp\/v2\/posts\/166721","targetHints":{"allow":["GET"]}}],"collection":[{"href":"https:\/\/www.caririemacao.com\/1\/wp-json\/wp\/v2\/posts"}],"about":[{"href":"https:\/\/www.caririemacao.com\/1\/wp-json\/wp\/v2\/types\/post"}],"author":[{"embeddable":true,"href":"https:\/\/www.caririemacao.com\/1\/wp-json\/wp\/v2\/users\/2"}],"replies":[{"embeddable":true,"href":"https:\/\/www.caririemacao.com\/1\/wp-json\/wp\/v2\/comments?post=166721"}],"version-history":[{"count":1,"href":"https:\/\/www.caririemacao.com\/1\/wp-json\/wp\/v2\/posts\/166721\/revisions"}],"predecessor-version":[{"id":166725,"href":"https:\/\/www.caririemacao.com\/1\/wp-json\/wp\/v2\/posts\/166721\/revisions\/166725"}],"wp:featuredmedia":[{"embeddable":true,"href":"https:\/\/www.caririemacao.com\/1\/wp-json\/wp\/v2\/media\/164444"}],"wp:attachment":[{"href":"https:\/\/www.caririemacao.com\/1\/wp-json\/wp\/v2\/media?parent=166721"}],"wp:term":[{"taxonomy":"category","embeddable":true,"href":"https:\/\/www.caririemacao.com\/1\/wp-json\/wp\/v2\/categories?post=166721"},{"taxonomy":"post_tag","embeddable":true,"href":"https:\/\/www.caririemacao.com\/1\/wp-json\/wp\/v2\/tags?post=166721"}],"curies":[{"name":"wp","href":"https:\/\/api.w.org\/{rel}","templated":true}]}}