{"id":16673,"date":"2017-03-25T01:30:36","date_gmt":"2017-03-25T04:30:36","guid":{"rendered":"http:\/\/caririemacao.com\/1\/?p=16673"},"modified":"2017-03-25T01:30:36","modified_gmt":"2017-03-25T04:30:36","slug":"vice-prefeito-e-vereadores-de-zabele-dizem-nao-a-reforma-da-previdencia","status":"publish","type":"post","link":"https:\/\/www.caririemacao.com\/1\/2017\/03\/25\/vice-prefeito-e-vereadores-de-zabele-dizem-nao-a-reforma-da-previdencia\/","title":{"rendered":"Vice-prefeito e vereadores de Zabel\u00ea dizem &#8220;N\u00e3o&#8221; a Reforma da Previd\u00eancia"},"content":{"rendered":"<p>O vice-prefeito de Zabel\u00ea, Z\u00e9 Cla\u00fadio, o presidente da C\u00e2mara Municipal, Pedro Apolin\u00e1rio, e os vereadores Juninho de Marleide, P\u00ea e Jair Karly participaram nesta sexta-feira (24) no munic\u00edpio de S\u00e3o Jo\u00e3o do Cariri, de um grande movimento contra a Reforma da Previd\u00eancia<\/p>\n<p>O presidente da C\u00e2mara Pedro Apolin\u00e1rio disse que o movimento \u201cLevante o Cariri\u201d foi um ato que serviu para que o Cariri desse seu grito contra a Reforma da Previd\u00eancia.<\/p>\n<p>J\u00e1 o vice-prefeito Z\u00e9 Cla\u00fadio, acrescentou dizendo que jamais poderia ficar de fora desse movimento que veio fortalecer a luta em defesa dos trabalhadores e do povo caririzeiro, em especial, ao povo de Zabel\u00ea.<\/p>\n<p>CONFIRA A COBERTURA EXCLUSIVA DO CARIRI EM A\u00c7\u00c3O.\u00a0<a href=\"https:\/\/www.facebook.com\/pg\/CaririEmAcao\/photos\/?tab=album&amp;album_id=984071541728869\">CLIQUE NESTE LINK.<\/a><\/p>\n<p><strong>CARIRI EM A\u00c7\u00c3O<\/strong><\/p>\n<p>Leia mais not\u00edcias em\u00a0<a href=\"http:\/\/www.caririemacao.com\/\">caririemacao.com<\/a>, siga nossa p\u00e1gina no<a href=\"https:\/\/www.facebook.com\/CaririEmAcao\/\">\u00a0Facebook<\/a>\u00a0e\u00a0<a href=\"https:\/\/www.instagram.com\/cariri_em_acao\/?hl=pt-br\">Instagram<\/a>\u00a0veja nossas mat\u00e9rias e fotos. Voc\u00ea tamb\u00e9m pode enviar informa\u00e7\u00f5es \u00e0 Reda\u00e7\u00e3o do Portal Cariri em A\u00e7\u00e3o pelo WhatsApp (83) 9 9634.5791, (83) 9 9601-1162 ou (83) 9 994189.<\/p>\n","protected":false},"excerpt":{"rendered":"<p>O vice-prefeito de Zabel\u00ea, Z\u00e9 Cla\u00fadio, o presidente da C\u00e2mara Municipal, Pedro Apolin\u00e1rio, e os vereadores Juninho de Marleide, P\u00ea e Jair Karly participaram nesta&hellip; <\/p>\n","protected":false},"author":2,"featured_media":16674,"comment_status":"closed","ping_status":"closed","sticky":false,"template":"","format":"standard","meta":{"sfsi_plus_gutenberg_text_before_share":"","sfsi_plus_gutenberg_show_text_before_share":"","sfsi_plus_gutenberg_icon_type":"","sfsi_plus_gutenberg_icon_alignemt":"","sfsi_plus_gutenburg_max_per_row":"","footnotes":""},"categories":[11],"tags":[],"class_list":["post-16673","post","type-post","status-publish","format-standard","has-post-thumbnail","hentry","category-politica"],"_links":{"self":[{"href":"https:\/\/www.caririemacao.com\/1\/wp-json\/wp\/v2\/posts\/16673","targetHints":{"allow":["GET"]}}],"collection":[{"href":"https:\/\/www.caririemacao.com\/1\/wp-json\/wp\/v2\/posts"}],"about":[{"href":"https:\/\/www.caririemacao.com\/1\/wp-json\/wp\/v2\/types\/post"}],"author":[{"embeddable":true,"href":"https:\/\/www.caririemacao.com\/1\/wp-json\/wp\/v2\/users\/2"}],"replies":[{"embeddable":true,"href":"https:\/\/www.caririemacao.com\/1\/wp-json\/wp\/v2\/comments?post=16673"}],"version-history":[{"count":0,"href":"https:\/\/www.caririemacao.com\/1\/wp-json\/wp\/v2\/posts\/16673\/revisions"}],"wp:featuredmedia":[{"embeddable":true,"href":"https:\/\/www.caririemacao.com\/1\/wp-json\/wp\/v2\/media\/16674"}],"wp:attachment":[{"href":"https:\/\/www.caririemacao.com\/1\/wp-json\/wp\/v2\/media?parent=16673"}],"wp:term":[{"taxonomy":"category","embeddable":true,"href":"https:\/\/www.caririemacao.com\/1\/wp-json\/wp\/v2\/categories?post=16673"},{"taxonomy":"post_tag","embeddable":true,"href":"https:\/\/www.caririemacao.com\/1\/wp-json\/wp\/v2\/tags?post=16673"}],"curies":[{"name":"wp","href":"https:\/\/api.w.org\/{rel}","templated":true}]}}