{"id":166733,"date":"2020-04-30T10:03:28","date_gmt":"2020-04-30T13:03:28","guid":{"rendered":"https:\/\/www.caririemacao.com\/1\/?p=166733"},"modified":"2020-04-30T10:03:28","modified_gmt":"2020-04-30T13:03:28","slug":"df-adia-a-obrigatoriedade-do-uso-de-mascaras-em-transporte-publico","status":"publish","type":"post","link":"https:\/\/www.caririemacao.com\/1\/2020\/04\/30\/df-adia-a-obrigatoriedade-do-uso-de-mascaras-em-transporte-publico\/","title":{"rendered":"DF adia a obrigatoriedade do uso de m\u00e1scaras em transporte p\u00fablico"},"content":{"rendered":"\n<h2 class=\"wp-block-heading\"><\/h2>\n\n\n\n<p>O governo do Distrito Federal decidiu nesta quarta-feira (29) adiar a obrigatoriedade do uso de m\u00e1scaras no transporte p\u00fablico do DF, que estava prevista&nbsp;para come\u00e7ar amanh\u00e3 (30). Segundo nota da assessoria de imprensa do governo distrital, as empresas de \u00f4nibus e o Metr\u00f4 est\u00e3o sendo orientados para autorizar o embarque e a viagem de passageiros que n\u00e3o estejam usando o equipamento de prote\u00e7\u00e3o individual.<\/p>\n\n\n\n<p>De acordo com a nota, um dos motivos da suspens\u00e3o foi a decis\u00e3o do governo do Distrito Federal de adiar a abertura do com\u00e9rcio, que ocorreria no dia 3 de maio, para 11 de maio. Tamb\u00e9m est\u00e3o sendo repassadas para as operadoras de transporte coletivo m\u00e1scaras de prote\u00e7\u00e3o que ser\u00e3o distribu\u00eddas em esta\u00e7\u00f5es do metr\u00f4 e terminais rodovi\u00e1rios para pessoas que n\u00e3o t\u00eam condi\u00e7\u00f5es de adquirir o produto.<\/p>\n\n\n\n<p>&nbsp;A Secretaria de Transporte e Mobilidade (Semob), em parceria com o governo do DF, far\u00e1 uma campanha educativa sobre a import\u00e2ncia do uso de m\u00e1scaras durante a pandemia de covid-19.<\/p>\n\n\n\n<p>A determina\u00e7\u00e3o da obrigatoriedade do uso de m\u00e1scaras em todas as vias e espa\u00e7os p\u00fablicos, transportes p\u00fablicos coletivos, estabelecimentos comerciais, industriais e espa\u00e7os de presta\u00e7\u00e3o de servi\u00e7o foi determinado por um decreto do governador, Ibaneis Rocha, publicado no dia 23.<\/p>\n\n\n\n<p>A exig\u00eancia \u00e9 por tempo indeterminado, enquanto vigorar o estado de emerg\u00eancia no Distrito Federal, previsto no Decreto 40.475, de 28 de fevereiro de 2020. Quem for pego sem m\u00e1scaras em espa\u00e7os p\u00fablicos poder\u00e1 ser autuado e multado em valor a partir de R$ 2 mil e pode tamb\u00e9m sofrer san\u00e7\u00f5es penais.<\/p>\n\n\n\n<p>No mesmo decreto Ibaneis Rocha determina que com\u00e9rcios e outros estabelecimentos de atividades econ\u00f4micas n\u00e3o dever\u00e3o aceitar a presen\u00e7a de pessoas sem o acess\u00f3rio. Al\u00e9m disso, fabricantes de m\u00e1scara para uso profissional devem priorizar na comercializa\u00e7\u00e3o de sua produ\u00e7\u00e3o os profissionais de sa\u00fade, fornecendo excedentes para outras categorias.<\/p>\n","protected":false},"excerpt":{"rendered":"<p>O governo do Distrito Federal decidiu nesta quarta-feira (29) adiar a obrigatoriedade do uso de m\u00e1scaras no transporte p\u00fablico do DF, que estava prevista&nbsp;para come\u00e7ar&hellip; <\/p>\n","protected":false},"author":2,"featured_media":165349,"comment_status":"closed","ping_status":"closed","sticky":false,"template":"","format":"standard","meta":{"sfsi_plus_gutenberg_text_before_share":"","sfsi_plus_gutenberg_show_text_before_share":"","sfsi_plus_gutenberg_icon_type":"","sfsi_plus_gutenberg_icon_alignemt":"","sfsi_plus_gutenburg_max_per_row":"","footnotes":""},"categories":[2],"tags":[],"class_list":["post-166733","post","type-post","status-publish","format-standard","has-post-thumbnail","hentry","category-geral"],"_links":{"self":[{"href":"https:\/\/www.caririemacao.com\/1\/wp-json\/wp\/v2\/posts\/166733","targetHints":{"allow":["GET"]}}],"collection":[{"href":"https:\/\/www.caririemacao.com\/1\/wp-json\/wp\/v2\/posts"}],"about":[{"href":"https:\/\/www.caririemacao.com\/1\/wp-json\/wp\/v2\/types\/post"}],"author":[{"embeddable":true,"href":"https:\/\/www.caririemacao.com\/1\/wp-json\/wp\/v2\/users\/2"}],"replies":[{"embeddable":true,"href":"https:\/\/www.caririemacao.com\/1\/wp-json\/wp\/v2\/comments?post=166733"}],"version-history":[{"count":1,"href":"https:\/\/www.caririemacao.com\/1\/wp-json\/wp\/v2\/posts\/166733\/revisions"}],"predecessor-version":[{"id":166734,"href":"https:\/\/www.caririemacao.com\/1\/wp-json\/wp\/v2\/posts\/166733\/revisions\/166734"}],"wp:featuredmedia":[{"embeddable":true,"href":"https:\/\/www.caririemacao.com\/1\/wp-json\/wp\/v2\/media\/165349"}],"wp:attachment":[{"href":"https:\/\/www.caririemacao.com\/1\/wp-json\/wp\/v2\/media?parent=166733"}],"wp:term":[{"taxonomy":"category","embeddable":true,"href":"https:\/\/www.caririemacao.com\/1\/wp-json\/wp\/v2\/categories?post=166733"},{"taxonomy":"post_tag","embeddable":true,"href":"https:\/\/www.caririemacao.com\/1\/wp-json\/wp\/v2\/tags?post=166733"}],"curies":[{"name":"wp","href":"https:\/\/api.w.org\/{rel}","templated":true}]}}