{"id":166737,"date":"2020-04-30T10:10:43","date_gmt":"2020-04-30T13:10:43","guid":{"rendered":"https:\/\/www.caririemacao.com\/1\/?p=166737"},"modified":"2020-04-30T10:10:43","modified_gmt":"2020-04-30T13:10:43","slug":"desemprego-aumenta-e-atinge-129-milhoes-no-1o-trimestre-do-ano","status":"publish","type":"post","link":"https:\/\/www.caririemacao.com\/1\/2020\/04\/30\/desemprego-aumenta-e-atinge-129-milhoes-no-1o-trimestre-do-ano\/","title":{"rendered":"Desemprego aumenta e atinge 12,9 milh\u00f5es no 1\u00ba trimestre do ano"},"content":{"rendered":"\n<p>O desemprego aumentou e atingiu 12,9 milh\u00f5es de brasileiros no 1\u00ba trimestre do ano, segundo a PNAD Cont\u00ednua (Pesquisa Nacional por Amostra de Domic\u00edlios Cont\u00ednua Mensal), divulgada nesta quinta-feira (30) pelo IBGE (Instituto Brasileiro de Geografia e Estat\u00edstica).&nbsp;<\/p>\n\n\n\n<p>A taxa de desocupa\u00e7\u00e3o ficou em 12,2%, frente a 11% no trimestre anterior (de outubro a dezembro de 2019), quando havia 11,6 milh\u00f5es de brasileiros desempregados. Em contrapartida, a taxa atual foi menor do que a registrada no primeiro trimestre de 2019 (12,7%).&nbsp;<\/p>\n\n\n\n<p>Segundo a analista da pesquisa, Adriana Beringuy, n\u00e3o h\u00e1 dados suficientes que mostrem o impacto da pandemia de coronav\u00edrus neste per\u00edodo. O isolamento social come\u00e7ou em mar\u00e7o em diversas cidades brasileiras.&nbsp;<\/p>\n\n\n\n<p>&#8220;Grande parte do trimestre ainda est\u00e1 fora desse cen\u00e1rio. N\u00e3o posso ponderar se o impacto da pandemia foi grande ou pequeno, at\u00e9 porque falamos de um trimestre com movimentos sazonais, mas de fato para algumas atividades ele foi mais intenso&#8221;, disse.<\/p>\n\n\n\n<p>Adriana diz que o crescimento na taxa era esperado, devido \u00e0s caracter\u00edsticas do per\u00edodo. &#8220;O primeiro trimestre de um ano n\u00e3o costuma sustentar as contrata\u00e7\u00f5es feitas no \u00faltimo trimestre do ano anterior. Essa alta na taxa, por\u00e9m, n\u00e3o foi a das mais elevadas. Em 2017, por exemplo, registramos 1,7 p.p.\u201d, afirma.&nbsp;<\/p>\n\n\n\n<p>O rendimento m\u00e9dio real ficou em R$ 2.398 no primeiro trimestre do ano.<\/p>\n\n\n\n<p><strong>Popula\u00e7\u00e3o ocupada<\/strong><\/p>\n\n\n\n<p>A pesquisa mostra ainda que a popula\u00e7\u00e3o ocupada ficou em 92,2 milh\u00f5es de brasileiros, com 2,3 milh\u00f5es a menos do que no trimestre anterior, e est\u00e1vel em compara\u00e7\u00e3o ao primeiro trimestre de 2019.<\/p>\n\n\n\n<p>Adriana afirma que este foi o maior recuo de toda a s\u00e9rie hist\u00f3rica e refletiu nos servi\u00e7os dom\u00e9sticos (-6,1%), que tamb\u00e9m apresentou a maior queda da s\u00e9rie. O recuo de 7% no emprego sem carteira assinada do setor privado tamb\u00e9m foi recorde. Emprego com carteira e o conta pr\u00f3pria sem o CNPJ (Cadastro Nacional da Pessoa Jur\u00eddica) tamb\u00e9m ca\u00edram.<\/p>\n\n\n\n<p>Al\u00e9m disso, a taxa de informalidade atingiu 39,9% da popula\u00e7\u00e3o ocupada, o que significa que 36,8 milh\u00f5es de trabalhadores est\u00e3o nesta situa\u00e7\u00e3o. Segundo Adriana, das 2,3 milh\u00f5es de pessoas que deixaram o contingente de ocupados, 1,9 milh\u00e3o \u00e9 de trabalhadores informais.&nbsp;<\/p>\n\n\n\n<p><strong>Metodologia da pesquisa<\/strong><\/p>\n\n\n\n<p>Normalmente, o IBGE faz a coleta de dados para a Pnad de forma presencial, mas, por causa da pandemia, desde o dia 17 de mar\u00e7os todos as informa\u00e7\u00f5es usadas em pesquisas est\u00e3o sendo obtidas pelo telefone.&nbsp;<\/p>\n\n\n\n<p><strong>PESQUISA<\/strong>:&nbsp;<a href=\"https:\/\/www.clickpb.com.br\/paraiba\/internet-e-utilizada-em-722-dos-domicilios-da-paraiba-diz-ibge-283127.html\">Internet \u00e9 utilizada em 72,2% dos domic\u00edlios da Para\u00edba, diz IBGE<\/a><\/p>\n\n\n\n<p>O IBGE diz que a taxa de resposta da PNAD Cont\u00ednua em mar\u00e7o de 2020 foi de 61,3% (em janeiro foi de 88,4% e fevereiro 87,9%).&nbsp;<\/p>\n\n\n\n<p>&#8220;Frente a essa performance, foram feitas an\u00e1lises sobre os impactos na taxa de desocupa\u00e7\u00e3o e rendimento m\u00e9dio habitual, em que n\u00e3o se observou aumento significativo nos coeficientes de varia\u00e7\u00e3o, tornando vi\u00e1vel a divulga\u00e7\u00e3o dos dados do primeiro trimestre de 2020&#8221;.<\/p>\n","protected":false},"excerpt":{"rendered":"<p>O desemprego aumentou e atingiu 12,9 milh\u00f5es de brasileiros no 1\u00ba trimestre do ano, segundo a PNAD Cont\u00ednua (Pesquisa Nacional por Amostra de Domic\u00edlios Cont\u00ednua&hellip; <\/p>\n","protected":false},"author":2,"featured_media":166738,"comment_status":"closed","ping_status":"closed","sticky":false,"template":"","format":"standard","meta":{"sfsi_plus_gutenberg_text_before_share":"","sfsi_plus_gutenberg_show_text_before_share":"","sfsi_plus_gutenberg_icon_type":"","sfsi_plus_gutenberg_icon_alignemt":"","sfsi_plus_gutenburg_max_per_row":"","footnotes":""},"categories":[2],"tags":[],"class_list":["post-166737","post","type-post","status-publish","format-standard","has-post-thumbnail","hentry","category-geral"],"_links":{"self":[{"href":"https:\/\/www.caririemacao.com\/1\/wp-json\/wp\/v2\/posts\/166737","targetHints":{"allow":["GET"]}}],"collection":[{"href":"https:\/\/www.caririemacao.com\/1\/wp-json\/wp\/v2\/posts"}],"about":[{"href":"https:\/\/www.caririemacao.com\/1\/wp-json\/wp\/v2\/types\/post"}],"author":[{"embeddable":true,"href":"https:\/\/www.caririemacao.com\/1\/wp-json\/wp\/v2\/users\/2"}],"replies":[{"embeddable":true,"href":"https:\/\/www.caririemacao.com\/1\/wp-json\/wp\/v2\/comments?post=166737"}],"version-history":[{"count":1,"href":"https:\/\/www.caririemacao.com\/1\/wp-json\/wp\/v2\/posts\/166737\/revisions"}],"predecessor-version":[{"id":166739,"href":"https:\/\/www.caririemacao.com\/1\/wp-json\/wp\/v2\/posts\/166737\/revisions\/166739"}],"wp:featuredmedia":[{"embeddable":true,"href":"https:\/\/www.caririemacao.com\/1\/wp-json\/wp\/v2\/media\/166738"}],"wp:attachment":[{"href":"https:\/\/www.caririemacao.com\/1\/wp-json\/wp\/v2\/media?parent=166737"}],"wp:term":[{"taxonomy":"category","embeddable":true,"href":"https:\/\/www.caririemacao.com\/1\/wp-json\/wp\/v2\/categories?post=166737"},{"taxonomy":"post_tag","embeddable":true,"href":"https:\/\/www.caririemacao.com\/1\/wp-json\/wp\/v2\/tags?post=166737"}],"curies":[{"name":"wp","href":"https:\/\/api.w.org\/{rel}","templated":true}]}}