{"id":166741,"date":"2020-04-30T10:18:05","date_gmt":"2020-04-30T13:18:05","guid":{"rendered":"https:\/\/www.caririemacao.com\/1\/?p=166741"},"modified":"2020-04-30T10:18:05","modified_gmt":"2020-04-30T13:18:05","slug":"divida-das-empresas-mais-afetadas-pela-pandemia-soma-r-900-bilhoes","status":"publish","type":"post","link":"https:\/\/www.caririemacao.com\/1\/2020\/04\/30\/divida-das-empresas-mais-afetadas-pela-pandemia-soma-r-900-bilhoes\/","title":{"rendered":"D\u00edvida das empresas mais afetadas pela pandemia soma R$ 900 bilh\u00f5es"},"content":{"rendered":"\n<h2 class=\"wp-block-heading\"><\/h2>\n\n\n\n<p>A d\u00edvida total das empresas mais afetadas pela pandemia de covid-19 no Brasil soma R$ 900 bilh\u00f5es. Desse total, R$ 556 bilh\u00f5es s\u00e3o d\u00edvidas com o sistema financeiro nacional, informou hoje (29) o diretor de Fiscaliza\u00e7\u00e3o do Banco Central (BC), Paulo Souza, em entrevista coletiva, transmitida pela internet, para apresentar o Relat\u00f3rio de Estabilidade Financeira.<\/p>\n\n\n\n<p>De acordo com Souza, os setores mais afetados s\u00e3o com\u00e9rcio, servi\u00e7os, transporte, ind\u00fastria de transforma\u00e7\u00e3o, eletricidade e g\u00e1s.<\/p>\n\n\n\n<p>No relat\u00f3rio, o Banco Central divulgou uma simula\u00e7\u00e3o do impacto econ\u00f4mico gerado pela pandemia de covid-19. O BC selecionou 1,6 milh\u00e3o de empresas (1,5 milh\u00e3o dos setores mais afetados e 100 mil fornecedores) e 9,9 milh\u00f5es de empregados (7,5 milh\u00f5es das empresas afetadas diretamente e 2,4 milh\u00f5es dos fornecedores). Na simula\u00e7\u00e3o, o BC considera que essas empresas entrariam em&nbsp;<em>default&nbsp;<\/em>(quando a empresa n\u00e3o consegue pagar os seus credores).<\/p>\n\n\n\n<p>O resultado da simula\u00e7\u00e3o, chamado de teste de estresse, mostra que seria necess\u00e1rio aumento de R$ 395 bilh\u00f5es em provis\u00e3o (reservas para casos de perdas) dos bancos, devido \u00e0 quebra das empresas. Desse total, R$ 207,3 bilh\u00f5es seriam das empresas mais afetadas; R$ 48,1 bilh\u00f5es dos empregados diretos; R$ 96,5 bilh\u00f5es da cadeia de fornecedores; R$ 23,1 dos empregados dos fornecedores; R$ 8,9 bilh\u00f5es referentes a reclassifica\u00e7\u00e3o de risco de empresas afetadas, mas que n\u00e3o entrariam em<em>&nbsp;default<\/em>; e R$ 11,1 bilh\u00f5es de cont\u00e1gio interfinanceiro.<\/p>\n\n\n\n<p>\u201cDevido ao volume de provis\u00f5es que seriam necess\u00e1rias, a capacidade de o sistema gerar novos cr\u00e9ditos e sustentar o crescimento da economia ficaria temporariamente comprometida\u201d, diz o relat\u00f3rio.<\/p>\n\n\n\n<p>\u201cSeria o impacto mais severo, dependendo da dura\u00e7\u00e3o da pandemia\u201d, disse Paulo Souza. Ele acrescentou que, com esse impacto, para o sistema financeiro voltar a se enquadrar no n\u00edvel regulat\u00f3rio m\u00ednimo, seriam necess\u00e1rios R$ 70 bilh\u00f5es, o que corresponde a 7,2% do patrim\u00f4nio de refer\u00eancia (PR) do Sistema Financeiro Nacional. Segundo o relat\u00f3rio, considerando a rentabilidade em per\u00edodos de crises anteriores, seriam necess\u00e1rios tr\u00eas anos para o sistema recompor sua atual capacidade.<\/p>\n\n\n\n<p>\u201cPara se ter uma ideia, no estudo realizado em 2015 sobre os setores envolvidos na Lava Jato esse impacto era de R$ 3,4 bilh\u00f5es, representava 0,4% do PR. De qualquer forma, o sistema financeiro mostra-se capaz de absorver esse impacto com os resultados que v\u00e3o ser auferidos futuramente\u201d, disse o diretor do BC.<\/p>\n\n\n\n<p>Souza destacou que, na \u00e9poca da opera\u00e7\u00e3o Lava Jato, as empresas envolvidas eram acusadas de crimes relacionados \u00e0 corrup\u00e7\u00e3o, com risco de imagem. \u201cTanto o governo quanto o sistema financeiro n\u00e3o tinham como prestar aux\u00edlio naquele per\u00edodo. No caso espec\u00edfico [da pandemia de covid-19], os efeitos est\u00e3o sendo causados por fatores que n\u00e3o est\u00e3o relacionados \u00e0 gest\u00e3o das empresas. \u00c9 um caso sanit\u00e1rio, de sa\u00fade. E tanto o sistema financeiro quanto o governo t\u00eam todo interesse em contribuir na solu\u00e7\u00e3o. Portanto, a gente espera que esse impacto sejaer muito inferior ao cen\u00e1rio de estresse apresentado, mas temos que estar preparados\u201d, afirmou.<\/p>\n","protected":false},"excerpt":{"rendered":"<p>A d\u00edvida total das empresas mais afetadas pela pandemia de covid-19 no Brasil soma R$ 900 bilh\u00f5es. Desse total, R$ 556 bilh\u00f5es s\u00e3o d\u00edvidas com&hellip; <\/p>\n","protected":false},"author":2,"featured_media":166742,"comment_status":"closed","ping_status":"closed","sticky":false,"template":"","format":"standard","meta":{"sfsi_plus_gutenberg_text_before_share":"","sfsi_plus_gutenberg_show_text_before_share":"","sfsi_plus_gutenberg_icon_type":"","sfsi_plus_gutenberg_icon_alignemt":"","sfsi_plus_gutenburg_max_per_row":"","footnotes":""},"categories":[2],"tags":[],"class_list":["post-166741","post","type-post","status-publish","format-standard","has-post-thumbnail","hentry","category-geral"],"_links":{"self":[{"href":"https:\/\/www.caririemacao.com\/1\/wp-json\/wp\/v2\/posts\/166741","targetHints":{"allow":["GET"]}}],"collection":[{"href":"https:\/\/www.caririemacao.com\/1\/wp-json\/wp\/v2\/posts"}],"about":[{"href":"https:\/\/www.caririemacao.com\/1\/wp-json\/wp\/v2\/types\/post"}],"author":[{"embeddable":true,"href":"https:\/\/www.caririemacao.com\/1\/wp-json\/wp\/v2\/users\/2"}],"replies":[{"embeddable":true,"href":"https:\/\/www.caririemacao.com\/1\/wp-json\/wp\/v2\/comments?post=166741"}],"version-history":[{"count":1,"href":"https:\/\/www.caririemacao.com\/1\/wp-json\/wp\/v2\/posts\/166741\/revisions"}],"predecessor-version":[{"id":166743,"href":"https:\/\/www.caririemacao.com\/1\/wp-json\/wp\/v2\/posts\/166741\/revisions\/166743"}],"wp:featuredmedia":[{"embeddable":true,"href":"https:\/\/www.caririemacao.com\/1\/wp-json\/wp\/v2\/media\/166742"}],"wp:attachment":[{"href":"https:\/\/www.caririemacao.com\/1\/wp-json\/wp\/v2\/media?parent=166741"}],"wp:term":[{"taxonomy":"category","embeddable":true,"href":"https:\/\/www.caririemacao.com\/1\/wp-json\/wp\/v2\/categories?post=166741"},{"taxonomy":"post_tag","embeddable":true,"href":"https:\/\/www.caririemacao.com\/1\/wp-json\/wp\/v2\/tags?post=166741"}],"curies":[{"name":"wp","href":"https:\/\/api.w.org\/{rel}","templated":true}]}}