{"id":166748,"date":"2020-04-30T11:00:14","date_gmt":"2020-04-30T14:00:14","guid":{"rendered":"https:\/\/www.caririemacao.com\/1\/?p=166748"},"modified":"2020-04-30T11:00:14","modified_gmt":"2020-04-30T14:00:14","slug":"prefeito-de-caraubas-reune-secretarios-e-cobra-acoes-de-prevencao-ao-coronavirus-no-municipio","status":"publish","type":"post","link":"https:\/\/www.caririemacao.com\/1\/2020\/04\/30\/prefeito-de-caraubas-reune-secretarios-e-cobra-acoes-de-prevencao-ao-coronavirus-no-municipio\/","title":{"rendered":"Prefeito de Cara\u00fabas re\u00fane secret\u00e1rios e cobra a\u00e7\u00f5es de preven\u00e7\u00e3o ao coronav\u00edrus no munic\u00edpio"},"content":{"rendered":"\n<p>Cara\u00fabas ainda \u00e9 um dos munic\u00edpios do cariri paraibano que n\u00e3o apresentou casos suspeitos ou confirmados de coronavirus, gra\u00e7as ao trabalho que vem sendo realizado em parceria com diversos setores da administra\u00e7\u00e3o p\u00fablica e contando com a colabora\u00e7\u00e3o da sociedade caraubense.<\/p>\n\n\n\n<p>O isolamento social ainda \u00e9 o meio mais eficaz no combate ao novo COVID-19. Em que pese \u00e0s dezenas de reclama\u00e7\u00f5es de que pessoas vindas de outros munic\u00edpios fazem aglomera\u00e7\u00f5es em bares, a\u00e7udes e outros estabelecimentos, ainda esta mantida a pol\u00edtica de isolamento social em cumprimento ao Decreto Municipal n\u00ba. 0003\/2020, bem como, de a\u00e7\u00f5es de preven\u00e7\u00e3o e restri\u00e7\u00e3o ao com\u00e9rcio local.<\/p>\n\n\n\n<p>Com a preocupa\u00e7\u00e3o dos \u00faltimos n\u00fameros apresentados pela Secretaria de Estado da Sa\u00fade e temendo o avan\u00e7o da doen\u00e7a nesse per\u00edodo fez com que o prefeito Silvano Dudu convocasse reuni\u00e3o emergencial com todos os secret\u00e1rios municipais. Na pauta, cobran\u00e7a de a\u00e7\u00f5es que possam ser eficazes no controle e combate ao v\u00edrus.O secret\u00e1rio da sa\u00fade, Leonardo En\u00e9as afirmou da compra de 04 (quatro) bombas de pulveriza\u00e7\u00e3o que servir\u00e3o diariamente no trabalho de desinfec\u00e7\u00e3o de \u00e1reas de grande concentra\u00e7\u00e3o de pessoas, mesmo sendo proibida. <\/p>\n\n\n\n<p>Tamb\u00e9m est\u00e3o sendo adquiridas mascaras de prote\u00e7\u00e3o para distribui\u00e7\u00e3o junto \u00e0 popula\u00e7\u00e3o. Precisamos neste momento ter muita calma e crit\u00e9rios que possam atender a maior demanda poss\u00edvel. Al\u00e9m das m\u00e1scaras tamb\u00e9m estaremos disponibilizando lavat\u00f3rios de m\u00e3os moveis nos locais onde h\u00e1 maior concentra\u00e7\u00e3o de pessoas, como, na feira livre, em bancos e lot\u00e9ricas e unidades da sa\u00fade&#8221;,  afirmou Leonardo En\u00e9as.<\/p>\n\n\n\n<figure class=\"wp-block-image size-large\"><img fetchpriority=\"high\" decoding=\"async\" width=\"770\" height=\"577\" src=\"https:\/\/www.caririemacao.com\/1\/wp-content\/uploads\/2020\/04\/95335866_2754402871335485_2580499514888552448_n.jpg\" alt=\"\" class=\"wp-image-166750\" srcset=\"https:\/\/www.caririemacao.com\/1\/wp-content\/uploads\/2020\/04\/95335866_2754402871335485_2580499514888552448_n.jpg 770w, https:\/\/www.caririemacao.com\/1\/wp-content\/uploads\/2020\/04\/95335866_2754402871335485_2580499514888552448_n-300x225.jpg 300w, https:\/\/www.caririemacao.com\/1\/wp-content\/uploads\/2020\/04\/95335866_2754402871335485_2580499514888552448_n-768x576.jpg 768w\" sizes=\"(max-width: 770px) 100vw, 770px\" \/><\/figure>\n\n\n\n<p>Quando da entrega de mascaras est\u00e3o sendo disponibilizados kits contendo \u00e1lcool, sab\u00e3o liquida e \u00e1gua sanit\u00e1ria para higieniza\u00e7\u00e3o das m\u00e3os e ambiente, como forma de incentivar as pessoas a fazerem o uso continuo, promovendo algumas a\u00e7\u00f5es de enfrentamento ao COVID-19, como o auxilio as fam\u00edlias carentes e cadastradas nos programas sociais do munic\u00edpio. <\/p>\n\n\n\n<p>A secret\u00e1ria Fl\u00e1via Quirino disse que j\u00e1 foram distribu\u00eddas 150 (cento e cinquenta) cestas b\u00e1sicas inicialmente e est\u00e3o planejando novas a\u00e7\u00f5es que possam ajudar as pessoas que est\u00e3o passando algum tipo de dificuldade ocasionado pela pandemia.<\/p>\n\n\n\n<p>Fonte: SEPLACOM<\/p>\n\n\n\n<p>Foto: Miguel Filho<\/p>\n","protected":false},"excerpt":{"rendered":"<p>Cara\u00fabas ainda \u00e9 um dos munic\u00edpios do cariri paraibano que n\u00e3o apresentou casos suspeitos ou confirmados de coronavirus, gra\u00e7as ao trabalho que vem sendo realizado&hellip; <\/p>\n","protected":false},"author":1,"featured_media":166749,"comment_status":"closed","ping_status":"closed","sticky":false,"template":"","format":"standard","meta":{"sfsi_plus_gutenberg_text_before_share":"","sfsi_plus_gutenberg_show_text_before_share":"","sfsi_plus_gutenberg_icon_type":"","sfsi_plus_gutenberg_icon_alignemt":"","sfsi_plus_gutenburg_max_per_row":"","footnotes":""},"categories":[6,50],"tags":[],"class_list":["post-166748","post","type-post","status-publish","format-standard","has-post-thumbnail","hentry","category-cidades","category-destaque"],"_links":{"self":[{"href":"https:\/\/www.caririemacao.com\/1\/wp-json\/wp\/v2\/posts\/166748","targetHints":{"allow":["GET"]}}],"collection":[{"href":"https:\/\/www.caririemacao.com\/1\/wp-json\/wp\/v2\/posts"}],"about":[{"href":"https:\/\/www.caririemacao.com\/1\/wp-json\/wp\/v2\/types\/post"}],"author":[{"embeddable":true,"href":"https:\/\/www.caririemacao.com\/1\/wp-json\/wp\/v2\/users\/1"}],"replies":[{"embeddable":true,"href":"https:\/\/www.caririemacao.com\/1\/wp-json\/wp\/v2\/comments?post=166748"}],"version-history":[{"count":1,"href":"https:\/\/www.caririemacao.com\/1\/wp-json\/wp\/v2\/posts\/166748\/revisions"}],"predecessor-version":[{"id":166751,"href":"https:\/\/www.caririemacao.com\/1\/wp-json\/wp\/v2\/posts\/166748\/revisions\/166751"}],"wp:featuredmedia":[{"embeddable":true,"href":"https:\/\/www.caririemacao.com\/1\/wp-json\/wp\/v2\/media\/166749"}],"wp:attachment":[{"href":"https:\/\/www.caririemacao.com\/1\/wp-json\/wp\/v2\/media?parent=166748"}],"wp:term":[{"taxonomy":"category","embeddable":true,"href":"https:\/\/www.caririemacao.com\/1\/wp-json\/wp\/v2\/categories?post=166748"},{"taxonomy":"post_tag","embeddable":true,"href":"https:\/\/www.caririemacao.com\/1\/wp-json\/wp\/v2\/tags?post=166748"}],"curies":[{"name":"wp","href":"https:\/\/api.w.org\/{rel}","templated":true}]}}