{"id":166752,"date":"2020-04-30T11:11:04","date_gmt":"2020-04-30T14:11:04","guid":{"rendered":"https:\/\/www.caririemacao.com\/1\/?p=166752"},"modified":"2020-04-30T11:23:30","modified_gmt":"2020-04-30T14:23:30","slug":"urgente-confirmado-1-caso-de-covid-19-em-monteiro-pb","status":"publish","type":"post","link":"https:\/\/www.caririemacao.com\/1\/2020\/04\/30\/urgente-confirmado-1-caso-de-covid-19-em-monteiro-pb\/","title":{"rendered":"Urgente: Confirmado 1\u00b0 caso de Covid-19 em Monteiro-PB"},"content":{"rendered":"\n<p>O munic\u00edpio de Monteiro, no Cariri paraibano, confirmou o primeiro caso do Covid-19 (novo coronav\u00edrus), nesta quinta-feira (30), conforme revela\u00e7\u00f5es feitas pela prefeita Anna Lorena durante sess\u00e3o extraordin\u00e1ria realizada na C\u00e2mara de Vereadores, para debater o Covid-19. Trata-se de um caminhoneiro que h\u00e1 12 dias apresentava os sintomas da doen\u00e7a, e procurou o Hospital Regional de Monteiro nesta quarta-feira (29), e ap\u00f3s testes, foi constatado que o mesmo est\u00e1 infectado com o v\u00edrus.<\/p>\n\n\n\n<p>De acordo com informa\u00e7\u00f5es apuradas pela reportagem, a esposa do caminhoneiro est\u00e1 sendo monitorada pela Vigil\u00e2ncia Sanit\u00e1ria do munic\u00edpio, e est\u00e1 em quarentena, e tamb\u00e9m dever\u00e1 se submeter ao teste.<\/p>\n\n\n\n<p>A Prefeitura de Monteiro tem adotado diversas medidas de combate e preven\u00e7\u00e3o ao Novo Coronav\u00edrus. Um boletim oficial dever\u00e1 ser divulgado no final da tarde pela Secretaria Municipal de Sa\u00fade.<\/p>\n\n\n\n<p>VITRINE DO CARIRI<\/p>\n\n\n\n<p><\/p>\n","protected":false},"excerpt":{"rendered":"<p>O munic\u00edpio de Monteiro, no Cariri paraibano, confirmou o primeiro caso do Covid-19 (novo coronav\u00edrus), nesta quinta-feira (30), conforme revela\u00e7\u00f5es feitas pela prefeita Anna Lorena&hellip; <\/p>\n","protected":false},"author":1,"featured_media":28233,"comment_status":"closed","ping_status":"closed","sticky":false,"template":"","format":"standard","meta":{"sfsi_plus_gutenberg_text_before_share":"","sfsi_plus_gutenberg_show_text_before_share":"","sfsi_plus_gutenberg_icon_type":"","sfsi_plus_gutenberg_icon_alignemt":"","sfsi_plus_gutenburg_max_per_row":"","footnotes":""},"categories":[6,50],"tags":[],"class_list":["post-166752","post","type-post","status-publish","format-standard","has-post-thumbnail","hentry","category-cidades","category-destaque"],"_links":{"self":[{"href":"https:\/\/www.caririemacao.com\/1\/wp-json\/wp\/v2\/posts\/166752","targetHints":{"allow":["GET"]}}],"collection":[{"href":"https:\/\/www.caririemacao.com\/1\/wp-json\/wp\/v2\/posts"}],"about":[{"href":"https:\/\/www.caririemacao.com\/1\/wp-json\/wp\/v2\/types\/post"}],"author":[{"embeddable":true,"href":"https:\/\/www.caririemacao.com\/1\/wp-json\/wp\/v2\/users\/1"}],"replies":[{"embeddable":true,"href":"https:\/\/www.caririemacao.com\/1\/wp-json\/wp\/v2\/comments?post=166752"}],"version-history":[{"count":2,"href":"https:\/\/www.caririemacao.com\/1\/wp-json\/wp\/v2\/posts\/166752\/revisions"}],"predecessor-version":[{"id":166754,"href":"https:\/\/www.caririemacao.com\/1\/wp-json\/wp\/v2\/posts\/166752\/revisions\/166754"}],"wp:featuredmedia":[{"embeddable":true,"href":"https:\/\/www.caririemacao.com\/1\/wp-json\/wp\/v2\/media\/28233"}],"wp:attachment":[{"href":"https:\/\/www.caririemacao.com\/1\/wp-json\/wp\/v2\/media?parent=166752"}],"wp:term":[{"taxonomy":"category","embeddable":true,"href":"https:\/\/www.caririemacao.com\/1\/wp-json\/wp\/v2\/categories?post=166752"},{"taxonomy":"post_tag","embeddable":true,"href":"https:\/\/www.caririemacao.com\/1\/wp-json\/wp\/v2\/tags?post=166752"}],"curies":[{"name":"wp","href":"https:\/\/api.w.org\/{rel}","templated":true}]}}