{"id":166755,"date":"2020-04-30T11:44:08","date_gmt":"2020-04-30T14:44:08","guid":{"rendered":"https:\/\/www.caririemacao.com\/1\/?p=166755"},"modified":"2020-04-30T11:44:08","modified_gmt":"2020-04-30T14:44:08","slug":"auxilio-emergencial-deve-injetar-r-9-milhoes-na-economia-do-municipio-de-sume","status":"publish","type":"post","link":"https:\/\/www.caririemacao.com\/1\/2020\/04\/30\/auxilio-emergencial-deve-injetar-r-9-milhoes-na-economia-do-municipio-de-sume\/","title":{"rendered":"Aux\u00edlio Emergencial deve injetar R$ 9 milh\u00f5es na economia do munic\u00edpio de Sum\u00e9"},"content":{"rendered":"\n<p>A Secretaria de Assist\u00eancia Social de Sum\u00e9 estima que o aux\u00edlio emergencial de R$ 600,00, pago pelo governo federal, aos benefici\u00e1rios do Programa Bolsa Fam\u00edlia e aos trabalhadores informais, deve injetar aproximadamente R$ 9 milh\u00f5es na economia local nos tr\u00eas meses em que o benef\u00edcio ser\u00e1 pago.<\/p>\n\n\n\n<p>De acordo com a respons\u00e1vel pela coordena\u00e7\u00e3o do Bolsa Fam\u00edlia no munic\u00edpio, Edileide Batista, somente do Programa, cerca de R$ 3 milh\u00f5es devem ser repassados mensalmente ao munic\u00edpio.<\/p>\n\n\n\n<p>Edileide informa tamb\u00e9m que esses percentuais ainda n\u00e3o consideram outras categorias como Microempreendedores Individuais, os inscritos no Cad\u00danico, que n\u00e3o s\u00e3o do Bolsa Fam\u00edlia, aut\u00f4nomos e outros.<\/p>\n\n\n\n<p>No total, 2.795 fam\u00edlias sumeenses ser\u00e3o beneficiadas com o aux\u00edlio emergencial.<\/p>\n\n\n\n<p>Para o p\u00fablico do Bolsa Fam\u00edlia, a segunda parcela do benef\u00edcio ser\u00e1 paga no m\u00eas que vem, tamb\u00e9m seguindo o calend\u00e1rio do Programa. O governo federal tamb\u00e9m paga nesta quinta-feira (30), a primeira parcela do aux\u00edlio para mais 1,7 milh\u00e3o de pessoas que se inscreveram por meio do aplicativo da Caixa, pelo site.<\/p>\n\n\n\n<p><em>Ascom PMS<\/em><\/p>\n","protected":false},"excerpt":{"rendered":"<p>A Secretaria de Assist\u00eancia Social de Sum\u00e9 estima que o aux\u00edlio emergencial de R$ 600,00, pago pelo governo federal, aos benefici\u00e1rios do Programa Bolsa Fam\u00edlia&hellip; <\/p>\n","protected":false},"author":2,"featured_media":157049,"comment_status":"closed","ping_status":"closed","sticky":false,"template":"","format":"standard","meta":{"sfsi_plus_gutenberg_text_before_share":"","sfsi_plus_gutenberg_show_text_before_share":"","sfsi_plus_gutenberg_icon_type":"","sfsi_plus_gutenberg_icon_alignemt":"","sfsi_plus_gutenburg_max_per_row":"","footnotes":""},"categories":[6],"tags":[],"class_list":["post-166755","post","type-post","status-publish","format-standard","has-post-thumbnail","hentry","category-cidades"],"_links":{"self":[{"href":"https:\/\/www.caririemacao.com\/1\/wp-json\/wp\/v2\/posts\/166755","targetHints":{"allow":["GET"]}}],"collection":[{"href":"https:\/\/www.caririemacao.com\/1\/wp-json\/wp\/v2\/posts"}],"about":[{"href":"https:\/\/www.caririemacao.com\/1\/wp-json\/wp\/v2\/types\/post"}],"author":[{"embeddable":true,"href":"https:\/\/www.caririemacao.com\/1\/wp-json\/wp\/v2\/users\/2"}],"replies":[{"embeddable":true,"href":"https:\/\/www.caririemacao.com\/1\/wp-json\/wp\/v2\/comments?post=166755"}],"version-history":[{"count":1,"href":"https:\/\/www.caririemacao.com\/1\/wp-json\/wp\/v2\/posts\/166755\/revisions"}],"predecessor-version":[{"id":166756,"href":"https:\/\/www.caririemacao.com\/1\/wp-json\/wp\/v2\/posts\/166755\/revisions\/166756"}],"wp:featuredmedia":[{"embeddable":true,"href":"https:\/\/www.caririemacao.com\/1\/wp-json\/wp\/v2\/media\/157049"}],"wp:attachment":[{"href":"https:\/\/www.caririemacao.com\/1\/wp-json\/wp\/v2\/media?parent=166755"}],"wp:term":[{"taxonomy":"category","embeddable":true,"href":"https:\/\/www.caririemacao.com\/1\/wp-json\/wp\/v2\/categories?post=166755"},{"taxonomy":"post_tag","embeddable":true,"href":"https:\/\/www.caririemacao.com\/1\/wp-json\/wp\/v2\/tags?post=166755"}],"curies":[{"name":"wp","href":"https:\/\/api.w.org\/{rel}","templated":true}]}}