{"id":166758,"date":"2020-04-30T12:09:51","date_gmt":"2020-04-30T15:09:51","guid":{"rendered":"https:\/\/www.caririemacao.com\/1\/?p=166758"},"modified":"2020-04-30T12:09:51","modified_gmt":"2020-04-30T15:09:51","slug":"projeto-do-vereador-fabiano-beneficia-centenas-de-pessoas-com-isencao-de-taxa-de-inscricao-em-concurso-publico-no-congo","status":"publish","type":"post","link":"https:\/\/www.caririemacao.com\/1\/2020\/04\/30\/projeto-do-vereador-fabiano-beneficia-centenas-de-pessoas-com-isencao-de-taxa-de-inscricao-em-concurso-publico-no-congo\/","title":{"rendered":"Projeto do vereador Fabiano beneficia centenas de pessoas com isen\u00e7\u00e3o de taxa de inscri\u00e7\u00e3o em concurso p\u00fablico no Congo"},"content":{"rendered":"\n<p>Um projeto aprovado pela C\u00e2mara de Vereadores de Congo, de autoria do vereador Fabiano Bolacha, isentar\u00e1 centenas de pessoas da taxa de inscri\u00e7\u00e3o em concursos p\u00fablicos realizados pelo munic\u00edpio de Congo-PB,<\/p>\n\n\n\n<p>Segundo o projeto, os mun\u00edcipes que estiverem regulamente inscritos no Cadastro \u00danico para Programas Sociais do Governo Federal e for membro de fam\u00edlia de baixa renda, nos termos do Decreto Federal N\u00b06.135\/2007, e da Lei Federai N\u00b0 13.656\/2018.<\/p>\n\n\n\n<p>O vereador explicou que para obter ao benef\u00edcio da isen\u00e7\u00e3o, o candidato dever\u00e1 informar seu N\u00famero de Identifica\u00e7\u00e3o Social (MS) em requerimento de solicita\u00e7\u00e3o de isen\u00e7\u00e3o da taxa do formul\u00e1rio de inscri\u00e7\u00e3o do concurso devidamente preenchido.<\/p>\n\n\n\n<p>Ap\u00f3s feito o pedido de isen\u00e7\u00e3o, a entidade executora do concurso da prefeitura de Congo, podem consultar o \u00f3rg\u00e3o gestor do Cadastro \u00danico para verificar a veracidade das informa\u00e7\u00f5es prestadas pelo candidato e, posteriormente, divulgar\u00e1 os resultados dos pedidos de isen\u00e7\u00e3o. Ainda de acordo com o projeto do vereador Fabiano Bolacha, a referida isen\u00e7\u00e3o ser\u00e1 destinada para pessoas residentes no munic\u00edpio.<\/p>\n\n\n\n<p>\u201cConsidero este projeto muito importante porque beneficiar\u00e1 muita gente do Congo que n\u00e3o tem condi\u00e7\u00f5es de pagar uma inscri\u00e7\u00e3o para participar do concurso, por isso, pensando nos meus conterr\u00e2neos apresentei o projeto e gra\u00e7as a Deus e apoio do meus colegas vereadores, hoje a isen\u00e7\u00e3o de taxa de inscri\u00e7\u00e3o em concurso p\u00fablico no Congo \u00e9 uma realidade\u201d, comentou o parlamentar.<\/p>\n","protected":false},"excerpt":{"rendered":"<p>Um projeto aprovado pela C\u00e2mara de Vereadores de Congo, de autoria do vereador Fabiano Bolacha, isentar\u00e1 centenas de pessoas da taxa de inscri\u00e7\u00e3o em concursos&hellip; <\/p>\n","protected":false},"author":1,"featured_media":166759,"comment_status":"closed","ping_status":"closed","sticky":false,"template":"","format":"standard","meta":{"sfsi_plus_gutenberg_text_before_share":"","sfsi_plus_gutenberg_show_text_before_share":"","sfsi_plus_gutenberg_icon_type":"","sfsi_plus_gutenberg_icon_alignemt":"","sfsi_plus_gutenburg_max_per_row":"","footnotes":""},"categories":[50,2],"tags":[],"class_list":["post-166758","post","type-post","status-publish","format-standard","has-post-thumbnail","hentry","category-destaque","category-geral"],"_links":{"self":[{"href":"https:\/\/www.caririemacao.com\/1\/wp-json\/wp\/v2\/posts\/166758","targetHints":{"allow":["GET"]}}],"collection":[{"href":"https:\/\/www.caririemacao.com\/1\/wp-json\/wp\/v2\/posts"}],"about":[{"href":"https:\/\/www.caririemacao.com\/1\/wp-json\/wp\/v2\/types\/post"}],"author":[{"embeddable":true,"href":"https:\/\/www.caririemacao.com\/1\/wp-json\/wp\/v2\/users\/1"}],"replies":[{"embeddable":true,"href":"https:\/\/www.caririemacao.com\/1\/wp-json\/wp\/v2\/comments?post=166758"}],"version-history":[{"count":1,"href":"https:\/\/www.caririemacao.com\/1\/wp-json\/wp\/v2\/posts\/166758\/revisions"}],"predecessor-version":[{"id":166760,"href":"https:\/\/www.caririemacao.com\/1\/wp-json\/wp\/v2\/posts\/166758\/revisions\/166760"}],"wp:featuredmedia":[{"embeddable":true,"href":"https:\/\/www.caririemacao.com\/1\/wp-json\/wp\/v2\/media\/166759"}],"wp:attachment":[{"href":"https:\/\/www.caririemacao.com\/1\/wp-json\/wp\/v2\/media?parent=166758"}],"wp:term":[{"taxonomy":"category","embeddable":true,"href":"https:\/\/www.caririemacao.com\/1\/wp-json\/wp\/v2\/categories?post=166758"},{"taxonomy":"post_tag","embeddable":true,"href":"https:\/\/www.caririemacao.com\/1\/wp-json\/wp\/v2\/tags?post=166758"}],"curies":[{"name":"wp","href":"https:\/\/api.w.org\/{rel}","templated":true}]}}