{"id":16676,"date":"2017-03-25T01:48:20","date_gmt":"2017-03-25T04:48:20","guid":{"rendered":"http:\/\/caririemacao.com\/1\/?p=16676"},"modified":"2017-03-25T01:52:26","modified_gmt":"2017-03-25T04:52:26","slug":"vereadores-de-sao-joao-do-cariri-recepcionam-quase-250-vereadores-para-participar-do-levante-o-cariri","status":"publish","type":"post","link":"https:\/\/www.caririemacao.com\/1\/2017\/03\/25\/vereadores-de-sao-joao-do-cariri-recepcionam-quase-250-vereadores-para-participar-do-levante-o-cariri\/","title":{"rendered":"Vereadores de S\u00e3o Jo\u00e3o do Cariri recepcionam quase 250 vereadores para participar do Levante o Cariri"},"content":{"rendered":"<p>O presidente da C\u00e2mara de S\u00e3o Jo\u00e3o do Cariri, H\u00e9lio Morais, e seus colegas vereadores, recepcionaram os mais de 250 vereadores que foram na tarde desta sexta-feira (24) ao munic\u00edpio de S\u00e3o Jo\u00e3o do Cariri para participar do movimento \u201cLevante o Cariri\u201d contra a Reforma da Previd\u00eancia.<\/p>\n<p>O presidente disse que os vereadores est\u00e3o unidos para defender o povo. Ele lembrou que todos firmaram um acordo para s\u00f3 votar em 2018 em candidatos que forem contra a Reforma da Previd\u00eancia.<\/p>\n<p>H\u00e9lio avaliou o \u201cLevante o Cariri\u201d como um dos maiores atos pol\u00edticos j\u00e1 realizados no municipio. \u201cFoi um ato que serviu para que o Cariri desse seu grito contra esta PEC que vem acabar com os direitos dos trabalhadores deste pa\u00eds\u201d, finalizou.<\/p>\n<p>CONFIRA A COBERTURA EXCLUSIVA DO CARIRI EM A\u00c7\u00c3O.\u00a0<a href=\"https:\/\/www.facebook.com\/pg\/CaririEmAcao\/photos\/?tab=album&amp;album_id=984071541728869\">CLIQUE NESTE LINK.<\/a><\/p>\n<p><strong>CARIRI EM A\u00c7\u00c3O<\/strong><\/p>\n<p>Leia mais not\u00edcias em\u00a0<a href=\"http:\/\/www.caririemacao.com\/\">caririemacao.com<\/a>, siga nossa p\u00e1gina no<a href=\"https:\/\/www.facebook.com\/CaririEmAcao\/\">\u00a0Facebook<\/a>\u00a0e\u00a0<a href=\"https:\/\/www.instagram.com\/cariri_em_acao\/?hl=pt-br\">Instagram<\/a>\u00a0veja nossas mat\u00e9rias e fotos. Voc\u00ea tamb\u00e9m pode enviar informa\u00e7\u00f5es \u00e0 Reda\u00e7\u00e3o do Portal Cariri em A\u00e7\u00e3o pelo WhatsApp (83) 9 9634.5791, (83) 9 9601-1162 ou (83) 9 994189.<\/p>\n","protected":false},"excerpt":{"rendered":"<p>O presidente da C\u00e2mara de S\u00e3o Jo\u00e3o do Cariri, H\u00e9lio Morais, e seus colegas vereadores, recepcionaram os mais de 250 vereadores que foram na tarde&hellip; <\/p>\n","protected":false},"author":2,"featured_media":16682,"comment_status":"closed","ping_status":"closed","sticky":false,"template":"","format":"standard","meta":{"sfsi_plus_gutenberg_text_before_share":"","sfsi_plus_gutenberg_show_text_before_share":"","sfsi_plus_gutenberg_icon_type":"","sfsi_plus_gutenberg_icon_alignemt":"","sfsi_plus_gutenburg_max_per_row":"","footnotes":""},"categories":[11],"tags":[],"class_list":["post-16676","post","type-post","status-publish","format-standard","has-post-thumbnail","hentry","category-politica"],"_links":{"self":[{"href":"https:\/\/www.caririemacao.com\/1\/wp-json\/wp\/v2\/posts\/16676","targetHints":{"allow":["GET"]}}],"collection":[{"href":"https:\/\/www.caririemacao.com\/1\/wp-json\/wp\/v2\/posts"}],"about":[{"href":"https:\/\/www.caririemacao.com\/1\/wp-json\/wp\/v2\/types\/post"}],"author":[{"embeddable":true,"href":"https:\/\/www.caririemacao.com\/1\/wp-json\/wp\/v2\/users\/2"}],"replies":[{"embeddable":true,"href":"https:\/\/www.caririemacao.com\/1\/wp-json\/wp\/v2\/comments?post=16676"}],"version-history":[{"count":0,"href":"https:\/\/www.caririemacao.com\/1\/wp-json\/wp\/v2\/posts\/16676\/revisions"}],"wp:featuredmedia":[{"embeddable":true,"href":"https:\/\/www.caririemacao.com\/1\/wp-json\/wp\/v2\/media\/16682"}],"wp:attachment":[{"href":"https:\/\/www.caririemacao.com\/1\/wp-json\/wp\/v2\/media?parent=16676"}],"wp:term":[{"taxonomy":"category","embeddable":true,"href":"https:\/\/www.caririemacao.com\/1\/wp-json\/wp\/v2\/categories?post=16676"},{"taxonomy":"post_tag","embeddable":true,"href":"https:\/\/www.caririemacao.com\/1\/wp-json\/wp\/v2\/tags?post=16676"}],"curies":[{"name":"wp","href":"https:\/\/api.w.org\/{rel}","templated":true}]}}