{"id":166761,"date":"2020-04-30T12:24:17","date_gmt":"2020-04-30T15:24:17","guid":{"rendered":"https:\/\/www.caririemacao.com\/1\/?p=166761"},"modified":"2020-04-30T12:24:17","modified_gmt":"2020-04-30T15:24:17","slug":"secretaria-de-saude-de-amparo-instala-barreira-sanitaria-na-entrada-do-municipio","status":"publish","type":"post","link":"https:\/\/www.caririemacao.com\/1\/2020\/04\/30\/secretaria-de-saude-de-amparo-instala-barreira-sanitaria-na-entrada-do-municipio\/","title":{"rendered":"Secretaria de Sa\u00fade de Amparo instala barreira sanit\u00e1ria na entrada do munic\u00edpio"},"content":{"rendered":"\n<p><a href=\"https:\/\/1.bp.blogspot.com\/-R_rF2M0MU98\/Xqrn8QYIhQI\/AAAAAAABMYc\/V6gdKO73w7kLp8EQBNgiexeZcMEcD46jACLcBGAsYHQ\/s1600\/BARREIRA%2BDE%2BVIGIL%25C3%2582NCIA%2B%252831%2529.JPG\"><\/a>A Secretaria Municipal de Sa\u00fade de Amparo instalou nessa quinta-feira (30) uma Barreira Sanit\u00e1ria na entrada da cidade, sentido PB-248, a a\u00e7\u00e3o se deu devido \u00e0 realiza\u00e7\u00e3o de um processo licitat\u00f3rio que foi realizado hoje no munic\u00edpio, controlando o fluxo e tendo um controle dos visitantes que entram e saem da cidade.<\/p>\n\n\n\n<figure class=\"wp-block-image\"><img decoding=\"async\" data-src=\"https:\/\/1.bp.blogspot.com\/-krg8Gg-4JrE\/XqroXnb6e0I\/AAAAAAABMYk\/QsVl_Ed_08ECb0nxQlytRYL5_gWUismTACLcBGAsYHQ\/s640\/BARREIRA%2BDE%2BVIGIL%25C3%2582NCIA%2B%252849%2529.JPG\" alt=\"\" src=\"data:image\/svg+xml;base64,PHN2ZyB3aWR0aD0iMSIgaGVpZ2h0PSIxIiB4bWxucz0iaHR0cDovL3d3dy53My5vcmcvMjAwMC9zdmciPjwvc3ZnPg==\" class=\"lazyload\" \/><\/figure>\n\n\n\n<p><a href=\"https:\/\/1.bp.blogspot.com\/-krg8Gg-4JrE\/XqroXnb6e0I\/AAAAAAABMYk\/QsVl_Ed_08ECb0nxQlytRYL5_gWUismTACLcBGAsYHQ\/s1600\/BARREIRA%2BDE%2BVIGIL%25C3%2582NCIA%2B%252849%2529.JPG\"><\/a>A a\u00e7\u00e3o, contou com uma equipe composta por profissionais devidamente capacitados, que realizaram a abordagem aos ve\u00edculos que se dirigiram a cidade, trazendo orienta\u00e7\u00f5es sobre as formas de preven\u00e7\u00e3o ao Coronav\u00edrus, fazendo a desinfec\u00e7\u00e3o dos pneus, distribui\u00e7\u00e3o de m\u00e1scaras e realizando aferi\u00e7\u00e3o de temperatura corporal.<br><em>\u201cEssa \u00e9 mais uma medida tomada pela gest\u00e3o, como forma de proteger a popula\u00e7\u00e3o Amparense e tamb\u00e9m aqueles que por ventura venham visitar nossa cidade durante essa pandemia que atinge todo o mundo, hoje, principalmente, que recebemos pessoas de v\u00e1rias cidades, n\u00e3o poder\u00edamos deixar de fazer algo, \u00e9 nosso dever e estamos fazendo tudo que est\u00e1 ao nosso alcance para proteger nossa cidade\u201d<\/em>&nbsp;disse a Secret\u00e1ria Ver\u00f4nica Rafael.<\/p>\n\n\n\n<figure class=\"wp-block-image\"><img decoding=\"async\" data-src=\"https:\/\/1.bp.blogspot.com\/-ymx3KSpCNd8\/XqropxtZ-3I\/AAAAAAABMYw\/nHvafTIbgUsMn4stzbHyp9a2M_sbDIDlQCLcBGAsYHQ\/s640\/BARREIRA%2BDE%2BVIGIL%25C3%2582NCIA%2B%25281%2529.jpg\" alt=\"\" src=\"data:image\/svg+xml;base64,PHN2ZyB3aWR0aD0iMSIgaGVpZ2h0PSIxIiB4bWxucz0iaHR0cDovL3d3dy53My5vcmcvMjAwMC9zdmciPjwvc3ZnPg==\" class=\"lazyload\" \/><\/figure>\n\n\n\n<p><\/p>\n\n\n\n<p>Amparo Ligado<a href=\"https:\/\/1.bp.blogspot.com\/-ymx3KSpCNd8\/XqropxtZ-3I\/AAAAAAABMYw\/nHvafTIbgUsMn4stzbHyp9a2M_sbDIDlQCLcBGAsYHQ\/s1600\/BARREIRA%2BDE%2BVIGIL%25C3%2582NCIA%2B%25281%2529.jpg\"><\/a><\/p>\n","protected":false},"excerpt":{"rendered":"<p>A Secretaria Municipal de Sa\u00fade de Amparo instalou nessa quinta-feira (30) uma Barreira Sanit\u00e1ria na entrada da cidade, sentido PB-248, a a\u00e7\u00e3o se deu devido&hellip; <\/p>\n","protected":false},"author":2,"featured_media":166762,"comment_status":"closed","ping_status":"closed","sticky":false,"template":"","format":"standard","meta":{"sfsi_plus_gutenberg_text_before_share":"","sfsi_plus_gutenberg_show_text_before_share":"","sfsi_plus_gutenberg_icon_type":"","sfsi_plus_gutenberg_icon_alignemt":"","sfsi_plus_gutenburg_max_per_row":"","footnotes":""},"categories":[6],"tags":[],"class_list":["post-166761","post","type-post","status-publish","format-standard","has-post-thumbnail","hentry","category-cidades"],"_links":{"self":[{"href":"https:\/\/www.caririemacao.com\/1\/wp-json\/wp\/v2\/posts\/166761","targetHints":{"allow":["GET"]}}],"collection":[{"href":"https:\/\/www.caririemacao.com\/1\/wp-json\/wp\/v2\/posts"}],"about":[{"href":"https:\/\/www.caririemacao.com\/1\/wp-json\/wp\/v2\/types\/post"}],"author":[{"embeddable":true,"href":"https:\/\/www.caririemacao.com\/1\/wp-json\/wp\/v2\/users\/2"}],"replies":[{"embeddable":true,"href":"https:\/\/www.caririemacao.com\/1\/wp-json\/wp\/v2\/comments?post=166761"}],"version-history":[{"count":1,"href":"https:\/\/www.caririemacao.com\/1\/wp-json\/wp\/v2\/posts\/166761\/revisions"}],"predecessor-version":[{"id":166763,"href":"https:\/\/www.caririemacao.com\/1\/wp-json\/wp\/v2\/posts\/166761\/revisions\/166763"}],"wp:featuredmedia":[{"embeddable":true,"href":"https:\/\/www.caririemacao.com\/1\/wp-json\/wp\/v2\/media\/166762"}],"wp:attachment":[{"href":"https:\/\/www.caririemacao.com\/1\/wp-json\/wp\/v2\/media?parent=166761"}],"wp:term":[{"taxonomy":"category","embeddable":true,"href":"https:\/\/www.caririemacao.com\/1\/wp-json\/wp\/v2\/categories?post=166761"},{"taxonomy":"post_tag","embeddable":true,"href":"https:\/\/www.caririemacao.com\/1\/wp-json\/wp\/v2\/tags?post=166761"}],"curies":[{"name":"wp","href":"https:\/\/api.w.org\/{rel}","templated":true}]}}