{"id":166766,"date":"2020-04-30T12:44:56","date_gmt":"2020-04-30T15:44:56","guid":{"rendered":"https:\/\/www.caririemacao.com\/1\/?p=166766"},"modified":"2020-04-30T12:44:58","modified_gmt":"2020-04-30T15:44:58","slug":"coxixola-registra-seu-2o-caso-positivo-de-covid-19","status":"publish","type":"post","link":"https:\/\/www.caririemacao.com\/1\/2020\/04\/30\/coxixola-registra-seu-2o-caso-positivo-de-covid-19\/","title":{"rendered":"Coxixola registra seu 2\u00ba caso positivo de Covid-19"},"content":{"rendered":"\n<p>A regi\u00e3o do Cariri contabilizou mais um caso de Covid-19 e agora j\u00e1 soma 6 cidades e 8 casos positivos. O \u00faltimo caso foi confirmado nessa quarta feira (29) e veio de Coxixola, que agora j\u00e1 soma 2 casos positivos.<\/p>\n\n\n\n<p>A informa\u00e7\u00e3o \u00e9 que os dois casos s\u00e3o da mesma fam\u00edlia e eles residem na zona rural.<\/p>\n\n\n\n<p>Um senhor de 90 anos que testou positivo no \u00faltimo dia 24 de abril, e agora seu filho.<\/p>\n\n\n\n<p>O Pai est\u00e1 internado em Campina Grande, seu quadro \u00e9 est\u00e1vel e o filho est\u00e1 em isolamento domiciliar e vem sendo acompanhado pela Secretaria Municipal de Sa\u00fade.<\/p>\n\n\n\n<p><strong>Cidades do Cariri que confirmaram o Covid-19<\/strong><\/p>\n\n\n\n<p>Tapero\u00e1 \u2013 2<\/p>\n\n\n\n<p>Coxixola -2<\/p>\n\n\n\n<p>Boqueir\u00e3o \u2013&nbsp;&nbsp;1<\/p>\n\n\n\n<p>Serra Branca \u2013 1<\/p>\n\n\n\n<p>Congo \u2013 1<\/p>\n\n\n\n<p>Barra de S\u00e3o Miguel \u2013 1<\/p>\n\n\n\n<p><strong>Informa\u00e7\u00f5es do portal Opini\u00e3oPB<\/strong><\/p>\n","protected":false},"excerpt":{"rendered":"<p>A regi\u00e3o do Cariri contabilizou mais um caso de Covid-19 e agora j\u00e1 soma 6 cidades e 8 casos positivos. O \u00faltimo caso foi confirmado&hellip; <\/p>\n","protected":false},"author":1,"featured_media":65412,"comment_status":"closed","ping_status":"closed","sticky":false,"template":"","format":"standard","meta":{"sfsi_plus_gutenberg_text_before_share":"","sfsi_plus_gutenberg_show_text_before_share":"","sfsi_plus_gutenberg_icon_type":"","sfsi_plus_gutenberg_icon_alignemt":"","sfsi_plus_gutenburg_max_per_row":"","footnotes":""},"categories":[50,2],"tags":[],"class_list":["post-166766","post","type-post","status-publish","format-standard","has-post-thumbnail","hentry","category-destaque","category-geral"],"_links":{"self":[{"href":"https:\/\/www.caririemacao.com\/1\/wp-json\/wp\/v2\/posts\/166766","targetHints":{"allow":["GET"]}}],"collection":[{"href":"https:\/\/www.caririemacao.com\/1\/wp-json\/wp\/v2\/posts"}],"about":[{"href":"https:\/\/www.caririemacao.com\/1\/wp-json\/wp\/v2\/types\/post"}],"author":[{"embeddable":true,"href":"https:\/\/www.caririemacao.com\/1\/wp-json\/wp\/v2\/users\/1"}],"replies":[{"embeddable":true,"href":"https:\/\/www.caririemacao.com\/1\/wp-json\/wp\/v2\/comments?post=166766"}],"version-history":[{"count":1,"href":"https:\/\/www.caririemacao.com\/1\/wp-json\/wp\/v2\/posts\/166766\/revisions"}],"predecessor-version":[{"id":166767,"href":"https:\/\/www.caririemacao.com\/1\/wp-json\/wp\/v2\/posts\/166766\/revisions\/166767"}],"wp:featuredmedia":[{"embeddable":true,"href":"https:\/\/www.caririemacao.com\/1\/wp-json\/wp\/v2\/media\/65412"}],"wp:attachment":[{"href":"https:\/\/www.caririemacao.com\/1\/wp-json\/wp\/v2\/media?parent=166766"}],"wp:term":[{"taxonomy":"category","embeddable":true,"href":"https:\/\/www.caririemacao.com\/1\/wp-json\/wp\/v2\/categories?post=166766"},{"taxonomy":"post_tag","embeddable":true,"href":"https:\/\/www.caririemacao.com\/1\/wp-json\/wp\/v2\/tags?post=166766"}],"curies":[{"name":"wp","href":"https:\/\/api.w.org\/{rel}","templated":true}]}}