{"id":166770,"date":"2020-04-30T13:15:05","date_gmt":"2020-04-30T16:15:05","guid":{"rendered":"https:\/\/www.caririemacao.com\/1\/?p=166770"},"modified":"2020-04-30T13:15:06","modified_gmt":"2020-04-30T16:15:06","slug":"governador-da-paraiba-alerta-para-pico-de-casos-do-coronavirus-em-maio","status":"publish","type":"post","link":"https:\/\/www.caririemacao.com\/1\/2020\/04\/30\/governador-da-paraiba-alerta-para-pico-de-casos-do-coronavirus-em-maio\/","title":{"rendered":"Governador da Para\u00edba alerta para pico de casos do coronav\u00edrus em maio"},"content":{"rendered":"\n<h1 class=\"wp-block-heading\"><\/h1>\n\n\n\n<p>Ele comentou, durante entrevista \u00e0 R\u00e1dio Caturit\u00e9 FM, que o pico da Covid-19 na Para\u00edba est\u00e1 previsto para o m\u00eas de maio e \u00e9 necess\u00e1rio que as pessoas respeitem o que recomenda a Organiza\u00e7\u00e3o Mundial da Sa\u00fade e fiquem em casa.<\/p>\n\n\n\n<p>Jo\u00e3o destacou que, caso seja necess\u00e1rio sair, \u00e9 estritamente necess\u00e1rio o uso de m\u00e1scaras para evitar a contamina\u00e7\u00e3o pelo novo coronav\u00edrus. Ele considerou que os n\u00fameros registrados no Brasil s\u00e3o alarmantes, com mais de 78 mil casos confirmados e 5.500 mortes.<\/p>\n\n\n\n<p>\u2013 Infelizmente, essa situa\u00e7\u00e3o n\u00e3o \u00e9 control\u00e1vel. S\u00f3 existe uma maneira de fazer com que a curva n\u00e3o seja t\u00e3o crescente, que \u00e9 atrav\u00e9s do isolamento social. A redu\u00e7\u00e3o da contamina\u00e7\u00e3o \u00e9 fundamental para que menos pessoas procurem leitos de UTI e a gente possa completar o plano e oferecer assist\u00eancia aos que precisam \u2013 ponderou.<\/p>\n\n\n\n<p>O governador citou que existem pessoas saindo normalmente como se a vida estivesse em estado de normalidade e lembrou que a Covid-19 mata e at\u00e9 agora n\u00e3o existe tratamento espec\u00edfico ou vacina.<\/p>\n\n\n\n<p>Ele ainda disse que \u00e9 necess\u00e1rio ter consci\u00eancia e manter o isolamento social para que a prote\u00e7\u00e3o se estenda a todos.<\/p>\n\n\n\n<p>\u2013 Estamos diante de uma doen\u00e7a que mata e atinge a todo mundo. Voc\u00ea pode ter o dinheiro que for, porque vai faltar ar. Temos que ter consci\u00eancia coletiva \u2013 disse.<\/p>\n","protected":false},"excerpt":{"rendered":"<p>Ele comentou, durante entrevista \u00e0 R\u00e1dio Caturit\u00e9 FM, que o pico da Covid-19 na Para\u00edba est\u00e1 previsto para o m\u00eas de maio e \u00e9 necess\u00e1rio&hellip; <\/p>\n","protected":false},"author":2,"featured_media":166771,"comment_status":"closed","ping_status":"closed","sticky":false,"template":"","format":"standard","meta":{"sfsi_plus_gutenberg_text_before_share":"","sfsi_plus_gutenberg_show_text_before_share":"","sfsi_plus_gutenberg_icon_type":"","sfsi_plus_gutenberg_icon_alignemt":"","sfsi_plus_gutenburg_max_per_row":"","footnotes":""},"categories":[50,2],"tags":[],"class_list":["post-166770","post","type-post","status-publish","format-standard","has-post-thumbnail","hentry","category-destaque","category-geral"],"_links":{"self":[{"href":"https:\/\/www.caririemacao.com\/1\/wp-json\/wp\/v2\/posts\/166770","targetHints":{"allow":["GET"]}}],"collection":[{"href":"https:\/\/www.caririemacao.com\/1\/wp-json\/wp\/v2\/posts"}],"about":[{"href":"https:\/\/www.caririemacao.com\/1\/wp-json\/wp\/v2\/types\/post"}],"author":[{"embeddable":true,"href":"https:\/\/www.caririemacao.com\/1\/wp-json\/wp\/v2\/users\/2"}],"replies":[{"embeddable":true,"href":"https:\/\/www.caririemacao.com\/1\/wp-json\/wp\/v2\/comments?post=166770"}],"version-history":[{"count":1,"href":"https:\/\/www.caririemacao.com\/1\/wp-json\/wp\/v2\/posts\/166770\/revisions"}],"predecessor-version":[{"id":166772,"href":"https:\/\/www.caririemacao.com\/1\/wp-json\/wp\/v2\/posts\/166770\/revisions\/166772"}],"wp:featuredmedia":[{"embeddable":true,"href":"https:\/\/www.caririemacao.com\/1\/wp-json\/wp\/v2\/media\/166771"}],"wp:attachment":[{"href":"https:\/\/www.caririemacao.com\/1\/wp-json\/wp\/v2\/media?parent=166770"}],"wp:term":[{"taxonomy":"category","embeddable":true,"href":"https:\/\/www.caririemacao.com\/1\/wp-json\/wp\/v2\/categories?post=166770"},{"taxonomy":"post_tag","embeddable":true,"href":"https:\/\/www.caririemacao.com\/1\/wp-json\/wp\/v2\/tags?post=166770"}],"curies":[{"name":"wp","href":"https:\/\/api.w.org\/{rel}","templated":true}]}}