{"id":166782,"date":"2020-04-30T13:28:31","date_gmt":"2020-04-30T16:28:31","guid":{"rendered":"https:\/\/www.caririemacao.com\/1\/?p=166782"},"modified":"2020-04-30T13:28:32","modified_gmt":"2020-04-30T16:28:32","slug":"ministro-da-saude-cloroquina-nao-deve-ser-divisor-de-aguas-no-combate-a-covid-19","status":"publish","type":"post","link":"https:\/\/www.caririemacao.com\/1\/2020\/04\/30\/ministro-da-saude-cloroquina-nao-deve-ser-divisor-de-aguas-no-combate-a-covid-19\/","title":{"rendered":"Ministro da Sa\u00fade: cloroquina n\u00e3o deve ser divisor de \u00e1guas no combate \u00e0 Covid-19"},"content":{"rendered":"\n<h1 class=\"wp-block-heading\"><\/h1>\n\n\n\n<p>O ministro da Sa\u00fade, Nelson Teich, disse nesta quarta-feira (29) que o resultado de novos estudos apontam que o uso de cloroquina n\u00e3o deve ser um \u201cdivisor de \u00e1guas\u201d no tratamento de casos da Covid-19.<\/p>\n\n\n\n<p>\u201cCloroquina hoje ainda \u00e9 uma incerteza. Houve estudos iniciais que sugeriram benef\u00edcios, mas existem estudos hoje que falam o contr\u00e1rio\u201d, afirmou. \u201cOs dados preliminares da China \u00e9 que teve mortalidade alta e que o rem\u00e9dio n\u00e3o vai ser divisor de \u00e1guas em rela\u00e7\u00e3o \u00e0 doen\u00e7a.\u201d<\/p>\n\n\n\n<p>Teich disse que espera ter uma an\u00e1lise preliminar sobre estudos hoje em andamento no pa\u00eds at\u00e9 a pr\u00f3xima semana para ter uma posi\u00e7\u00e3o sobre o uso do medicamento, indicado originalmente para mal\u00e1ria e artrite, tamb\u00e9m para o coronav\u00edrus.<\/p>\n\n\n\n<p>Ele n\u00e3o informou se h\u00e1 possibilidade de rever os protocolos atuais. Atualmente, a pasta mant\u00e9m um protocolo para uso do medicamento em pacientes graves e cr\u00edticos e mediante acompanhamento em hospitais.<\/p>\n\n\n\n<p>Na \u00faltima semana, o CFM (Conselho Federal de Medicina) divulgou um parecer que libera m\u00e9dicos a prescreverem o medicamento inclusive para casos leves e uso domiciliar.<\/p>\n\n\n\n<p>Apesar de ter feito o parecer, o pr\u00f3prio CFM diz que ainda n\u00e3o h\u00e1 evid\u00eancia cient\u00edfica que sustente o uso da cloroquina para o tratamento da Covid-19. A autarquia justificou a medida devido \u00e0 falta de alternativas para tratamento e para uso em tr\u00eas situa\u00e7\u00f5es espec\u00edficas.<\/p>\n\n\n\n<p>A avalia\u00e7\u00e3o havia sido solicitada pelo ex-ministro da Sa\u00fade, Luiz Henrique Mandetta, em meio \u00e0 press\u00e3o do governo para aumento da oferta do medicamento.<\/p>\n\n\n\n<p>Bolsonaro \u00e9 um entusiasta da hidroxicloroquina e da cloroquina para o tratamento da doen\u00e7a. Ele j\u00e1 defendeu que elas sejam utilizadas inclusive no est\u00e1gio inicial dos sintomas.<\/p>\n\n\n\n<p>A defesa da medica\u00e7\u00e3o foi um dos pontos centrais do conflito de Bolsonaro com Mandetta, que era contr\u00e1rio \u00e0 ampla recomenda\u00e7\u00e3o do rem\u00e9dio para o coronav\u00edrus.<\/p>\n\n\n\n<p>Ap\u00f3s o parecer do CFM, Teich j\u00e1 havia indicado que a pasta n\u00e3o seria favor\u00e1vel ao uso do rem\u00e9dio em todos os casos.<\/p>\n\n\n\n<p>\u201cPermitir o uso a crit\u00e9rio do m\u00e9dico n\u00e3o representa uma recomenda\u00e7\u00e3o do Minist\u00e9rio da Sa\u00fade. A recomenda\u00e7\u00e3o vai acontecer no dia em que tivermos uma evid\u00eancia clara de que o medicamento funciona\u201d, disse.<\/p>\n\n\n\n<p>Nesta quarta, Teich disse que a pasta tamb\u00e9m acompanha o desenvolvimento de estudos sobre outros tratamentos, mas que ainda n\u00e3o h\u00e1 resultados conclusivos.<\/p>\n","protected":false},"excerpt":{"rendered":"<p>O ministro da Sa\u00fade, Nelson Teich, disse nesta quarta-feira (29) que o resultado de novos estudos apontam que o uso de cloroquina n\u00e3o deve ser&hellip; <\/p>\n","protected":false},"author":2,"featured_media":166783,"comment_status":"closed","ping_status":"closed","sticky":false,"template":"","format":"standard","meta":{"sfsi_plus_gutenberg_text_before_share":"","sfsi_plus_gutenberg_show_text_before_share":"","sfsi_plus_gutenberg_icon_type":"","sfsi_plus_gutenberg_icon_alignemt":"","sfsi_plus_gutenburg_max_per_row":"","footnotes":""},"categories":[16],"tags":[],"class_list":["post-166782","post","type-post","status-publish","format-standard","has-post-thumbnail","hentry","category-saude"],"_links":{"self":[{"href":"https:\/\/www.caririemacao.com\/1\/wp-json\/wp\/v2\/posts\/166782","targetHints":{"allow":["GET"]}}],"collection":[{"href":"https:\/\/www.caririemacao.com\/1\/wp-json\/wp\/v2\/posts"}],"about":[{"href":"https:\/\/www.caririemacao.com\/1\/wp-json\/wp\/v2\/types\/post"}],"author":[{"embeddable":true,"href":"https:\/\/www.caririemacao.com\/1\/wp-json\/wp\/v2\/users\/2"}],"replies":[{"embeddable":true,"href":"https:\/\/www.caririemacao.com\/1\/wp-json\/wp\/v2\/comments?post=166782"}],"version-history":[{"count":1,"href":"https:\/\/www.caririemacao.com\/1\/wp-json\/wp\/v2\/posts\/166782\/revisions"}],"predecessor-version":[{"id":166784,"href":"https:\/\/www.caririemacao.com\/1\/wp-json\/wp\/v2\/posts\/166782\/revisions\/166784"}],"wp:featuredmedia":[{"embeddable":true,"href":"https:\/\/www.caririemacao.com\/1\/wp-json\/wp\/v2\/media\/166783"}],"wp:attachment":[{"href":"https:\/\/www.caririemacao.com\/1\/wp-json\/wp\/v2\/media?parent=166782"}],"wp:term":[{"taxonomy":"category","embeddable":true,"href":"https:\/\/www.caririemacao.com\/1\/wp-json\/wp\/v2\/categories?post=166782"},{"taxonomy":"post_tag","embeddable":true,"href":"https:\/\/www.caririemacao.com\/1\/wp-json\/wp\/v2\/tags?post=166782"}],"curies":[{"name":"wp","href":"https:\/\/api.w.org\/{rel}","templated":true}]}}