{"id":166790,"date":"2020-04-30T13:40:51","date_gmt":"2020-04-30T16:40:51","guid":{"rendered":"https:\/\/www.caririemacao.com\/1\/?p=166790"},"modified":"2020-04-30T13:40:54","modified_gmt":"2020-04-30T16:40:54","slug":"filho-de-bolsonaro-renan-minimiza-covid-19-so-uma-gripezinha-peguei-passou","status":"publish","type":"post","link":"https:\/\/www.caririemacao.com\/1\/2020\/04\/30\/filho-de-bolsonaro-renan-minimiza-covid-19-so-uma-gripezinha-peguei-passou\/","title":{"rendered":"Filho de Bolsonaro, Renan, minimiza covid-19: &#8216;S\u00f3 uma gripezinha. Peguei, passou&#8217;"},"content":{"rendered":"\n<h1 class=\"wp-block-heading\"><\/h1>\n\n\n\n<h3 class=\"wp-block-heading\"><\/h3>\n\n\n\n<p> Jair Renan Bolsonaro, o filho que o presidente Jair Bolsonaro chama de &#8221;04&#8243;, minimizou o coronav\u00edrus em um v\u00eddeo que circula no Twitter. Ele chegou a dizer: &#8221;Peguei, passou&#8221;, mas n\u00e3o ficou claro se ele realmente teve a doen\u00e7a ou se estava apenas ironizando.<\/p>\n\n\n\n<p>Assim como o presidente Jair Bolsonaro, Renan tamb\u00e9m afirmou que a covid-19 \u00e9 uma &#8220;gripezinha&#8221; e disse que a pandemia \u00e9 uma &#8220;hist\u00f3ria da m\u00eddia&#8221;.&nbsp;<\/p>\n\n\n\n<p>&#8220;Vamos pra rua na pandemia, t\u00e1 ok? P\u00f4, que pandemia, malandro? Isso \u00e9 hist\u00f3ria a\u00ed da m\u00eddia, pra trancar voc\u00ea em casa, achar que o mundo t\u00e1 acabando. P\u00f4, \u00e9 s\u00f3 uma gripezinha, irm\u00e3o, vai tomar no c&#8230;. Peguei, passou. Prefiro morrer tossindo que morrer transando&#8221;, disse. Em seguida, ele se corrige: &#8220;Opa, prefiro morrer transando do que tossindo, foi mal, foi mal&#8230;&#8221;<\/p>\n\n\n\n<p><strong>Balan\u00e7o<\/strong><\/p>\n\n\n\n<p>De acordo com&nbsp;<a href=\"https:\/\/www.clickpb.com.br\/brasil\/brasil-tem-quase-80-mil-casos-de-covid-19-e-mais-de-55-mil-obitos-283115.html\">levantamento do G1 junto \u00e0s secretarias de sa\u00fade<\/a>, 5.513 mortes provocadas pela Covid-19 j\u00e1 foram contabilizadas no pa\u00eds at\u00e9 essa quinta-feira (30). S\u00e3o 79.685 casos confirmados da doen\u00e7a em todo o pa\u00eds e mais de 200 mil no mundo.<\/p>\n\n\n\n<figure><iframe data-src=\"https:\/\/www.youtube.com\/embed\/6Xv9c929P4A\" allowfullscreen=\"\" width=\"560\" height=\"315\" src=\"data:image\/svg+xml;base64,PHN2ZyB3aWR0aD0iMSIgaGVpZ2h0PSIxIiB4bWxucz0iaHR0cDovL3d3dy53My5vcmcvMjAwMC9zdmciPjwvc3ZnPg==\" class=\"lazyload\" data-load-mode=\"1\"><\/iframe><\/figure>\n","protected":false},"excerpt":{"rendered":"<p>Jair Renan Bolsonaro, o filho que o presidente Jair Bolsonaro chama de &#8221;04&#8243;, minimizou o coronav\u00edrus em um v\u00eddeo que circula no Twitter. Ele chegou&hellip; <\/p>\n","protected":false},"author":2,"featured_media":166791,"comment_status":"closed","ping_status":"closed","sticky":false,"template":"","format":"standard","meta":{"sfsi_plus_gutenberg_text_before_share":"","sfsi_plus_gutenberg_show_text_before_share":"","sfsi_plus_gutenberg_icon_type":"","sfsi_plus_gutenberg_icon_alignemt":"","sfsi_plus_gutenburg_max_per_row":"","footnotes":""},"categories":[11],"tags":[],"class_list":["post-166790","post","type-post","status-publish","format-standard","has-post-thumbnail","hentry","category-politica"],"_links":{"self":[{"href":"https:\/\/www.caririemacao.com\/1\/wp-json\/wp\/v2\/posts\/166790","targetHints":{"allow":["GET"]}}],"collection":[{"href":"https:\/\/www.caririemacao.com\/1\/wp-json\/wp\/v2\/posts"}],"about":[{"href":"https:\/\/www.caririemacao.com\/1\/wp-json\/wp\/v2\/types\/post"}],"author":[{"embeddable":true,"href":"https:\/\/www.caririemacao.com\/1\/wp-json\/wp\/v2\/users\/2"}],"replies":[{"embeddable":true,"href":"https:\/\/www.caririemacao.com\/1\/wp-json\/wp\/v2\/comments?post=166790"}],"version-history":[{"count":1,"href":"https:\/\/www.caririemacao.com\/1\/wp-json\/wp\/v2\/posts\/166790\/revisions"}],"predecessor-version":[{"id":166792,"href":"https:\/\/www.caririemacao.com\/1\/wp-json\/wp\/v2\/posts\/166790\/revisions\/166792"}],"wp:featuredmedia":[{"embeddable":true,"href":"https:\/\/www.caririemacao.com\/1\/wp-json\/wp\/v2\/media\/166791"}],"wp:attachment":[{"href":"https:\/\/www.caririemacao.com\/1\/wp-json\/wp\/v2\/media?parent=166790"}],"wp:term":[{"taxonomy":"category","embeddable":true,"href":"https:\/\/www.caririemacao.com\/1\/wp-json\/wp\/v2\/categories?post=166790"},{"taxonomy":"post_tag","embeddable":true,"href":"https:\/\/www.caririemacao.com\/1\/wp-json\/wp\/v2\/tags?post=166790"}],"curies":[{"name":"wp","href":"https:\/\/api.w.org\/{rel}","templated":true}]}}