{"id":166798,"date":"2020-04-30T13:49:41","date_gmt":"2020-04-30T16:49:41","guid":{"rendered":"https:\/\/www.caririemacao.com\/1\/?p=166798"},"modified":"2020-04-30T13:49:42","modified_gmt":"2020-04-30T16:49:42","slug":"bolsonaro-vai-apresentar-exames-de-covid-19-se-agu-perder-recurso","status":"publish","type":"post","link":"https:\/\/www.caririemacao.com\/1\/2020\/04\/30\/bolsonaro-vai-apresentar-exames-de-covid-19-se-agu-perder-recurso\/","title":{"rendered":"Bolsonaro vai apresentar exames de covid-19 se AGU perder recurso"},"content":{"rendered":"\n<h1 class=\"wp-block-heading\"><\/h1>\n\n\n\n<p>O presidente Jair Bolsonaro afirmou nesta quinta-feira (30) que apresentar\u00e1 os seus exames para o diagn\u00f3stico do novo coronav\u00edrus, caso a AGU (Advocacia-Geral da Uni\u00e3o) perca recurso na Justi\u00e7a que garanta sua intimidade.&nbsp;<\/p>\n\n\n\n<p>&#8220;A Advocacia-Geral da Uni\u00e3o (AGU) deve ter recorrido. E se n\u00f3s perdermos o recurso, da\u00ed vai ser apresentado. E vou me sentir violentado. A lei vale para o presidente e mais humilde cidad\u00e3o brasileiro&#8221;, declarou.<\/p>\n\n\n\n<p>Nesta quinta-feira (30), se encerra o prazo concedido pela Justi\u00e7a Federal \u00e0 Uni\u00e3o para que fossem apresentados os exames para diagn\u00f3stico do novo coronav\u00edrus realizados pelo presidente. Na segunda-feira (27), por decis\u00e3o da ju\u00edza Ana L\u00facia Petri Betto, o jornal O Estado de S. Paulo conseguiu na Justi\u00e7a o direito de obter os testes de covid-19 feitos por Bolsonaro.<\/p>\n\n\n\n<p>&#8220;Voc\u00ea sabe que tem uma lei que garante a intimidade, n\u00e9? Se n\u00f3s dois estivermos com uma doen\u00e7a grave, n\u00e3o somos obrigados a divulgar o laudo. Essa \u00e9 uma lei e lei vale para todo mundo&#8221;, afirmou.<\/p>\n\n\n\n<p>Antes mesmo de ser oficialmente notificada, a AGU enviou \u00e0 Justi\u00e7a Federal de S\u00e3o Paulo uma manifesta\u00e7\u00e3o na qual se op\u00f5e \u00e0 divulga\u00e7\u00e3o do resultado do exame de Bolsonaro. Em seis p\u00e1ginas, a AGU diz que o pedido deve ser negado, sob a alega\u00e7\u00e3o de que a &#8220;intimidade e a privacidade s\u00e3o direitos individuais&#8221;. Procurado, o Planalto disse que n\u00e3o iria se manifestar.<\/p>\n\n\n\n<p>Bolsonaro fez o exame para o v\u00edrus duas vezes, em 12 e 17 de mar\u00e7o, ap\u00f3s voltar de miss\u00e3o oficial nos Estados Unidos, onde se encontrou com o presidente Donald Trump. Nas duas ocasi\u00f5es, o chefe do Executivo informou, via redes sociais, que testou negativo para a doen\u00e7a, mas n\u00e3o exibiu c\u00f3pia dos resultados. Pelo menos 23 pessoas que acompanharam o presidente na visita aos Estados Unidos, incluindo auxiliares pr\u00f3ximos, foram diagnosticadas posteriormente com a doen\u00e7a.<\/p>\n\n\n\n<p>No dia seguinte a decis\u00e3o da Justi\u00e7a, na ter\u00e7a-feira (28), em fala na frente ao Pal\u00e1cio da Alvorada, o presidente comentou a decis\u00e3o e insistiu que n\u00e3o havia contra\u00eddo o v\u00edrus.<\/p>\n\n\n\n<p>&#8220;Da minha parte, n\u00e3o tem problema mostrar (o resultado), mas eu quero mostrar que eu tenho o direito de n\u00e3o mostrar. Pra que isso? Daqui a pouco quer saber se eu sou virgem ou n\u00e3o, vou ter de apresentar exame de virgindade para voc\u00ea. D\u00e1 positivo ou negativo, o que voc\u00eas acham a\u00ed?&#8221;, disse o presidente na ocasi\u00e3o.<\/p>\n\n\n\n<p>Ele destacou que nunca apresentou os sintomas da covid-19. &#8220;Voc\u00eas nunca me viram aqui rastejando, com coriza&#8230; eu n\u00e3o tive, p\u00f4 (novo coronav\u00edrus). E n\u00e3o minto. E n\u00e3o minto. Eu infelizmente n\u00e3o tenho aqui o n\u00famero da lei nem o artigo. Desculpa aqui, mas se n\u00f3s dois estivermos com aids, por exemplo, a lei nos garante o anonimato. T\u00e1 certo? Por que pra mim tem de ser diferente?&#8221;, questionou o presidente.<\/p>\n\n\n\n<p><strong>Codinomes<\/strong><\/p>\n\n\n\n<p>O chefe do Executivo informou ainda que nos \u00faltimos dez anos tem utilizado codinomes nos pedidos de exames e receitas de medicamentos. &#8220;Eu sempre falei com o m\u00e9dico, &#8216;bote o nome de fantasia&#8217; porque pode ir pra l\u00e1, Jair Bolsonaro, j\u00e1 era manjado, principalmente em 2010, quando comecei a aparecer muito, n\u00e9; Algu\u00e9m pode fazer alguma coisa esquisita. E assim foi em todo exame que eu fa\u00e7o, que tem um c\u00f3digo&#8221;, afirmou.<\/p>\n","protected":false},"excerpt":{"rendered":"<p>O presidente Jair Bolsonaro afirmou nesta quinta-feira (30) que apresentar\u00e1 os seus exames para o diagn\u00f3stico do novo coronav\u00edrus, caso a AGU (Advocacia-Geral da Uni\u00e3o)&hellip; <\/p>\n","protected":false},"author":2,"featured_media":166799,"comment_status":"closed","ping_status":"closed","sticky":false,"template":"","format":"standard","meta":{"sfsi_plus_gutenberg_text_before_share":"","sfsi_plus_gutenberg_show_text_before_share":"","sfsi_plus_gutenberg_icon_type":"","sfsi_plus_gutenberg_icon_alignemt":"","sfsi_plus_gutenburg_max_per_row":"","footnotes":""},"categories":[2],"tags":[],"class_list":["post-166798","post","type-post","status-publish","format-standard","has-post-thumbnail","hentry","category-geral"],"_links":{"self":[{"href":"https:\/\/www.caririemacao.com\/1\/wp-json\/wp\/v2\/posts\/166798","targetHints":{"allow":["GET"]}}],"collection":[{"href":"https:\/\/www.caririemacao.com\/1\/wp-json\/wp\/v2\/posts"}],"about":[{"href":"https:\/\/www.caririemacao.com\/1\/wp-json\/wp\/v2\/types\/post"}],"author":[{"embeddable":true,"href":"https:\/\/www.caririemacao.com\/1\/wp-json\/wp\/v2\/users\/2"}],"replies":[{"embeddable":true,"href":"https:\/\/www.caririemacao.com\/1\/wp-json\/wp\/v2\/comments?post=166798"}],"version-history":[{"count":1,"href":"https:\/\/www.caririemacao.com\/1\/wp-json\/wp\/v2\/posts\/166798\/revisions"}],"predecessor-version":[{"id":166800,"href":"https:\/\/www.caririemacao.com\/1\/wp-json\/wp\/v2\/posts\/166798\/revisions\/166800"}],"wp:featuredmedia":[{"embeddable":true,"href":"https:\/\/www.caririemacao.com\/1\/wp-json\/wp\/v2\/media\/166799"}],"wp:attachment":[{"href":"https:\/\/www.caririemacao.com\/1\/wp-json\/wp\/v2\/media?parent=166798"}],"wp:term":[{"taxonomy":"category","embeddable":true,"href":"https:\/\/www.caririemacao.com\/1\/wp-json\/wp\/v2\/categories?post=166798"},{"taxonomy":"post_tag","embeddable":true,"href":"https:\/\/www.caririemacao.com\/1\/wp-json\/wp\/v2\/tags?post=166798"}],"curies":[{"name":"wp","href":"https:\/\/api.w.org\/{rel}","templated":true}]}}