{"id":166803,"date":"2020-04-30T13:53:49","date_gmt":"2020-04-30T16:53:49","guid":{"rendered":"https:\/\/www.caririemacao.com\/1\/?p=166803"},"modified":"2020-04-30T13:53:50","modified_gmt":"2020-04-30T16:53:50","slug":"mulher-tira-calcinha-e-usa-como-mascara-ao-ser-impedida-de-entrar-em-mercado","status":"publish","type":"post","link":"https:\/\/www.caririemacao.com\/1\/2020\/04\/30\/mulher-tira-calcinha-e-usa-como-mascara-ao-ser-impedida-de-entrar-em-mercado\/","title":{"rendered":"Mulher tira calcinha e usa como m\u00e1scara ao ser impedida de entrar em mercado"},"content":{"rendered":"\n<h1 class=\"wp-block-heading\"><\/h1>\n\n\n\n<p><\/p>\n\n\n\n<p>Uma mulher foi impedida de entrar em um supermercado do Rio de Janeiro, por n\u00e3o estar usando m\u00e1scara. Para solucionar o problema a mulher ent\u00e3o, tirou a calcinha e p\u00f4s no rosto, simulando uma m\u00e1scara de prote\u00e7\u00e3o.&nbsp;<\/p>\n\n\n\n<p>O caso aconteceu nesta ter\u00e7a-feira (28) e o caso foi filmado por clientes do estabelecimento.&nbsp;<\/p>\n\n\n\n\n\n<p>Nas imagens, \u00e9 poss\u00edvel ver que a mulher \u00e9 parada pelos seguran\u00e7as impedindo a sua entrada no estabelecimento. Em seguida, d\u00e1 pra ver&nbsp;a movimenta\u00e7\u00e3o dela, retirando a roupa de baixo do vestido e colocando em seu rosto.&nbsp;<\/p>\n\n\n\n<p>N\u00e3o&nbsp;&nbsp;\u00e9 poss\u00edvel confirmar se a mulher conseguiu ou n\u00e3o entrar no mercado com sua m\u00e1scara improvisada. O mercado, no entanto, informou que sua entrada n\u00e3o foi liberada.<\/p>\n\n\n\n<p>&nbsp;O uso de m\u00e1scaras \u00e9 obrigat\u00f3rio nos estabelecimentos comerciais do Rio de Janeiro, como uma medida preventiva contra a prolifera\u00e7\u00e3o do novo Coronav\u00edrus.&nbsp;<\/p>\n\n\n\n<p>O supermercado Guanabara emitiu uma nota afirmando o acontecimento.&nbsp;A nota ainda salienta que &#8220;como medida de prote\u00e7\u00e3o para todos os nossos funcion\u00e1rios e clientes, a rede n\u00e3o est\u00e1 permitindo a entrada sem uso de m\u00e1scara nas suas 26 lojas, seguindo as recomenda\u00e7\u00f5es dos \u00f3rg\u00e3os de sa\u00fade e p\u00fablicos&#8221;.<\/p>\n","protected":false},"excerpt":{"rendered":"<p>Uma mulher foi impedida de entrar em um supermercado do Rio de Janeiro, por n\u00e3o estar usando m\u00e1scara. Para solucionar o problema a mulher ent\u00e3o,&hellip; <\/p>\n","protected":false},"author":2,"featured_media":166804,"comment_status":"closed","ping_status":"closed","sticky":false,"template":"","format":"standard","meta":{"sfsi_plus_gutenberg_text_before_share":"","sfsi_plus_gutenberg_show_text_before_share":"","sfsi_plus_gutenberg_icon_type":"","sfsi_plus_gutenberg_icon_alignemt":"","sfsi_plus_gutenburg_max_per_row":"","footnotes":""},"categories":[12],"tags":[],"class_list":["post-166803","post","type-post","status-publish","format-standard","has-post-thumbnail","hentry","category-policia"],"_links":{"self":[{"href":"https:\/\/www.caririemacao.com\/1\/wp-json\/wp\/v2\/posts\/166803","targetHints":{"allow":["GET"]}}],"collection":[{"href":"https:\/\/www.caririemacao.com\/1\/wp-json\/wp\/v2\/posts"}],"about":[{"href":"https:\/\/www.caririemacao.com\/1\/wp-json\/wp\/v2\/types\/post"}],"author":[{"embeddable":true,"href":"https:\/\/www.caririemacao.com\/1\/wp-json\/wp\/v2\/users\/2"}],"replies":[{"embeddable":true,"href":"https:\/\/www.caririemacao.com\/1\/wp-json\/wp\/v2\/comments?post=166803"}],"version-history":[{"count":1,"href":"https:\/\/www.caririemacao.com\/1\/wp-json\/wp\/v2\/posts\/166803\/revisions"}],"predecessor-version":[{"id":166805,"href":"https:\/\/www.caririemacao.com\/1\/wp-json\/wp\/v2\/posts\/166803\/revisions\/166805"}],"wp:featuredmedia":[{"embeddable":true,"href":"https:\/\/www.caririemacao.com\/1\/wp-json\/wp\/v2\/media\/166804"}],"wp:attachment":[{"href":"https:\/\/www.caririemacao.com\/1\/wp-json\/wp\/v2\/media?parent=166803"}],"wp:term":[{"taxonomy":"category","embeddable":true,"href":"https:\/\/www.caririemacao.com\/1\/wp-json\/wp\/v2\/categories?post=166803"},{"taxonomy":"post_tag","embeddable":true,"href":"https:\/\/www.caririemacao.com\/1\/wp-json\/wp\/v2\/tags?post=166803"}],"curies":[{"name":"wp","href":"https:\/\/api.w.org\/{rel}","templated":true}]}}