{"id":166823,"date":"2020-04-30T14:20:51","date_gmt":"2020-04-30T17:20:51","guid":{"rendered":"https:\/\/www.caririemacao.com\/1\/?p=166823"},"modified":"2020-04-30T14:20:54","modified_gmt":"2020-04-30T17:20:54","slug":"governo-vai-prorrogar-fechamento-de-comercio-na-paraiba-ate-18-de-maio-diz-geraldo-medeiros","status":"publish","type":"post","link":"https:\/\/www.caririemacao.com\/1\/2020\/04\/30\/governo-vai-prorrogar-fechamento-de-comercio-na-paraiba-ate-18-de-maio-diz-geraldo-medeiros\/","title":{"rendered":"Governo vai prorrogar fechamento de com\u00e9rcio na Para\u00edba at\u00e9 18 de maio, diz Geraldo Medeiros"},"content":{"rendered":"\n<p>O &nbsp;governador Jo\u00e3o Azev\u00eado (Cidadania)vai assinar um novo decreto ,prorrogando at\u00e9 o dia 18 de maio o isolamento social na Para\u00edba. A revela\u00e7\u00e3o foi feita pelo secret\u00e1rio estadual de Sa\u00fade, Geraldo Medeiros, no programa&nbsp;Para\u00edba Verdade da r\u00e1dio Arapuan de Campina Grande,&nbsp;na manh\u00e3 desta quinta-feira (30).<\/p>\n\n\n\n<p>Com a prorroga\u00e7\u00e3o do decreto, o com\u00e9rcio, shoppings, academias, escolas estaduais, privadas, bares e restaurantes, e,&nbsp; outras atividades da economia continuar\u00e3o proibidos de abrir ao p\u00fablico.<\/p>\n\n\n\n<p>Geraldo justificou que a medida vai ser &nbsp;adotada em fun\u00e7\u00e3o dos dados do perfil epidemiol\u00f3gico do Estado, apontando 47% apenas do isolamento na Para\u00edba. &nbsp;Ele reconheceu que os casos de pessoas contagiadas pelo Covid-19, na Para\u00edba, tem aumentado, refor\u00e7ando a necessidade de prorroga\u00e7\u00e3o do per\u00edodo de isolamento social, no Estado, at\u00e9 o dia 18 de maio.<\/p>\n\n\n\n<p>O secret\u00e1rio de Sa\u00fade da Para\u00edba anunciou que mais 115 casos de Covid-19 foram confirmados na quarta-feira (29). Ao todo, s\u00e3o 814 casos confirmados no Estado, com 62 \u00f3bitos. Na Regi\u00e3o Metropolitana de Jo\u00e3o Pessoa, s\u00e3o mais de 600 casos o que pode provocar um colapso no sistema hospitalar at\u00e9 o dia 20 na RMJP se a pandemia aumentar.<\/p>\n\n\n\n<p><strong>Reuni\u00e3o<\/strong><\/p>\n\n\n\n<p>Geraldo Medeiros tamb\u00e9m confirmou que se reunir\u00e1 hoje com os secret\u00e1rios de Sa\u00fade de Jo\u00e3o Pessoa. Adalberto Fulg\u00eancio, &nbsp;e de Campina Grande, Felipe Reul, para discutir propostas referentes ao isolamento social, medida adotada pelas gest\u00f5es estadual e municipais para evitar a propaga\u00e7\u00e3o do v\u00edrus.<\/p>\n\n\n\n<p><strong>Casos nos munic\u00edpios<\/strong><\/p>\n\n\n\n<p>Os casos confirmados est\u00e3o distribu\u00eddos em: Alagoa Grande (1); Alagoa Nova (1); Alhandra (1); Ara\u00e7agi (1); Areia (1); Barra de S\u00e3o Miguel (1); Bayeux (30); Bom Jesus (1); Boqueir\u00e3o (1); Brejo do Cruz (1); Caapor\u00e3 (2); Cabedelo (26); Cajazeiras (5); Campina Grande (51); Catingueira (1); Conde (8); Congo (1); Coremas (1); Coxixola (1); Cruz do Esp\u00edrito Santo (3); Esperan\u00e7a (2); Guarabira (4); Gurinh\u00e9m (1); Igaracy (1); Itabaiana (2); Itapororoca (3); Jo\u00e3o Pessoa (499); Junco do Serid\u00f3 (3); Lagoa Seca (2); Lucena (3); Mari (1); Mariz\u00f3polis (3); Patos (17); Pedras de Fogo (5); Pombal (2); Queimadas (2); Riach\u00e3o Po\u00e7o (1); Riacho dos Cavalos (1); Santa Helena (1); Santa Rita (72); S\u00e3o Bento (4); S\u00e3o Jo\u00e3o do Rio do Peixe (5); S\u00e3o Jos\u00e9 de Piranhas (1); S\u00e3o Jos\u00e9 do Bonfim (1); Sap\u00e9 (24); Serra Branca (1); Sousa (12); Tapero\u00e1 (2); Umbuzeiro (1).<\/p>\n\n\n\n<p><em>Para\u00edba Todo Dia<\/em><\/p>\n","protected":false},"excerpt":{"rendered":"<p>O &nbsp;governador Jo\u00e3o Azev\u00eado (Cidadania)vai assinar um novo decreto ,prorrogando at\u00e9 o dia 18 de maio o isolamento social na Para\u00edba. A revela\u00e7\u00e3o foi feita&hellip; <\/p>\n","protected":false},"author":2,"featured_media":166824,"comment_status":"closed","ping_status":"closed","sticky":false,"template":"","format":"standard","meta":{"sfsi_plus_gutenberg_text_before_share":"","sfsi_plus_gutenberg_show_text_before_share":"","sfsi_plus_gutenberg_icon_type":"","sfsi_plus_gutenberg_icon_alignemt":"","sfsi_plus_gutenburg_max_per_row":"","footnotes":""},"categories":[2],"tags":[],"class_list":["post-166823","post","type-post","status-publish","format-standard","has-post-thumbnail","hentry","category-geral"],"_links":{"self":[{"href":"https:\/\/www.caririemacao.com\/1\/wp-json\/wp\/v2\/posts\/166823","targetHints":{"allow":["GET"]}}],"collection":[{"href":"https:\/\/www.caririemacao.com\/1\/wp-json\/wp\/v2\/posts"}],"about":[{"href":"https:\/\/www.caririemacao.com\/1\/wp-json\/wp\/v2\/types\/post"}],"author":[{"embeddable":true,"href":"https:\/\/www.caririemacao.com\/1\/wp-json\/wp\/v2\/users\/2"}],"replies":[{"embeddable":true,"href":"https:\/\/www.caririemacao.com\/1\/wp-json\/wp\/v2\/comments?post=166823"}],"version-history":[{"count":1,"href":"https:\/\/www.caririemacao.com\/1\/wp-json\/wp\/v2\/posts\/166823\/revisions"}],"predecessor-version":[{"id":166825,"href":"https:\/\/www.caririemacao.com\/1\/wp-json\/wp\/v2\/posts\/166823\/revisions\/166825"}],"wp:featuredmedia":[{"embeddable":true,"href":"https:\/\/www.caririemacao.com\/1\/wp-json\/wp\/v2\/media\/166824"}],"wp:attachment":[{"href":"https:\/\/www.caririemacao.com\/1\/wp-json\/wp\/v2\/media?parent=166823"}],"wp:term":[{"taxonomy":"category","embeddable":true,"href":"https:\/\/www.caririemacao.com\/1\/wp-json\/wp\/v2\/categories?post=166823"},{"taxonomy":"post_tag","embeddable":true,"href":"https:\/\/www.caririemacao.com\/1\/wp-json\/wp\/v2\/tags?post=166823"}],"curies":[{"name":"wp","href":"https:\/\/api.w.org\/{rel}","templated":true}]}}