{"id":166827,"date":"2020-04-30T14:35:42","date_gmt":"2020-04-30T17:35:42","guid":{"rendered":"https:\/\/www.caririemacao.com\/1\/?p=166827"},"modified":"2020-04-30T14:35:42","modified_gmt":"2020-04-30T17:35:42","slug":"monteiro-prefeita-se-reune-com-representantes-bancarios-para-ampliacao-da-prevencao-contra-a-covid-19","status":"publish","type":"post","link":"https:\/\/www.caririemacao.com\/1\/2020\/04\/30\/monteiro-prefeita-se-reune-com-representantes-bancarios-para-ampliacao-da-prevencao-contra-a-covid-19\/","title":{"rendered":"Monteiro: Prefeita se re\u00fane com representantes banc\u00e1rios para amplia\u00e7\u00e3o da preven\u00e7\u00e3o contra a Covid-19"},"content":{"rendered":"\n<p>Em mais uma a\u00e7\u00e3o que visa promover a seguran\u00e7a da popula\u00e7\u00e3o com rela\u00e7\u00e3o ao Covid-19, a prefeita de Monteiro, Anna Lorena, realizou uma reuni\u00e3o com representantes das principais institui\u00e7\u00f5es financeiras presentes no munic\u00edpio.<\/p>\n\n\n\n<p>Na oportunidade, a gestora, acompanhada da secret\u00e1ria de Sa\u00fade Paula Oliveira e do secret\u00e1rio de Comunica\u00e7\u00e3o Fred Menezes, apontou sugest\u00f5es para favorecer o atendimento neste per\u00edodo de quarentena aos representantes do Banco do Brasil, &nbsp;Sara e Jo\u00e3o Damasceno; ao gerente da Caixa Econ\u00f4mica Federal, o senhor Sebasti\u00e3o e do Bradesco, Francisco S\u00e9rvulo.<\/p>\n\n\n\n<p>De acordo com a prefeita Anna Lorena, uma das dificuldades apontadas pela pr\u00f3pria popula\u00e7\u00e3o se d\u00e1 no tocante \u00e0s filas geradas nas institui\u00e7\u00f5es durante a pandemia, seja no atendimento aos benefici\u00e1rios do Aux\u00edlio Emergencial ou at\u00e9 mesmo na busca por informa\u00e7\u00f5es. Diante disto, foi acordado que a Prefeitura de Monteiro ampliar\u00e1 a demarca\u00e7\u00e3o no solo, o que ajuda a manter o distanciamento social, al\u00e9m de ceder tendas para que a popula\u00e7\u00e3o a espera dos servi\u00e7os estejam mais confort\u00e1veis.<\/p>\n\n\n\n<p>Outra ajuda oferecida diz respeito a disponibilidade de mais servidores municipais que estar\u00e3o no apoio nos locais oferecendo informa\u00e7\u00f5es para que s\u00f3 se fa\u00e7am presentes na fila as pessoas que realmente necessitam de atendimento presencial.<\/p>\n\n\n\n<p>\u201cPrecisamos orientar a popula\u00e7\u00e3o com rela\u00e7\u00e3o ao distanciamento e as regras para que seja evitado um poss\u00edvel contato e at\u00e9 mesmo cont\u00e1gio da doen\u00e7a. Precisamos manter o munic\u00edpio a salvo e uma das principais necessidades neste momento diz respeito a situa\u00e7\u00e3o financeira, e como n\u00e3o podemos manter os bancos sem funcionamento, a melhor maneira \u00e9 orientar\u201d, disse a prefeita.<\/p>\n\n\n\n<p>Ap\u00f3s a reuni\u00e3o a prefeita Anna Lorena, acompanhada da secret\u00e1ria de Sa\u00fade, Paula Oliveira, estiveram pessoalmente na ag\u00eancia da Caixa Econ\u00f4mica Federal para definir as provid\u00eancias a serem adotadas, o que teve in\u00edcio com as novas demarca\u00e7\u00f5es e a coloca\u00e7\u00e3o de tendas.<\/p>\n","protected":false},"excerpt":{"rendered":"<p>Em mais uma a\u00e7\u00e3o que visa promover a seguran\u00e7a da popula\u00e7\u00e3o com rela\u00e7\u00e3o ao Covid-19, a prefeita de Monteiro, Anna Lorena, realizou uma reuni\u00e3o com&hellip; <\/p>\n","protected":false},"author":1,"featured_media":166828,"comment_status":"closed","ping_status":"closed","sticky":false,"template":"","format":"standard","meta":{"sfsi_plus_gutenberg_text_before_share":"","sfsi_plus_gutenberg_show_text_before_share":"","sfsi_plus_gutenberg_icon_type":"","sfsi_plus_gutenberg_icon_alignemt":"","sfsi_plus_gutenburg_max_per_row":"","footnotes":""},"categories":[6,50],"tags":[],"class_list":["post-166827","post","type-post","status-publish","format-standard","has-post-thumbnail","hentry","category-cidades","category-destaque"],"_links":{"self":[{"href":"https:\/\/www.caririemacao.com\/1\/wp-json\/wp\/v2\/posts\/166827","targetHints":{"allow":["GET"]}}],"collection":[{"href":"https:\/\/www.caririemacao.com\/1\/wp-json\/wp\/v2\/posts"}],"about":[{"href":"https:\/\/www.caririemacao.com\/1\/wp-json\/wp\/v2\/types\/post"}],"author":[{"embeddable":true,"href":"https:\/\/www.caririemacao.com\/1\/wp-json\/wp\/v2\/users\/1"}],"replies":[{"embeddable":true,"href":"https:\/\/www.caririemacao.com\/1\/wp-json\/wp\/v2\/comments?post=166827"}],"version-history":[{"count":1,"href":"https:\/\/www.caririemacao.com\/1\/wp-json\/wp\/v2\/posts\/166827\/revisions"}],"predecessor-version":[{"id":166829,"href":"https:\/\/www.caririemacao.com\/1\/wp-json\/wp\/v2\/posts\/166827\/revisions\/166829"}],"wp:featuredmedia":[{"embeddable":true,"href":"https:\/\/www.caririemacao.com\/1\/wp-json\/wp\/v2\/media\/166828"}],"wp:attachment":[{"href":"https:\/\/www.caririemacao.com\/1\/wp-json\/wp\/v2\/media?parent=166827"}],"wp:term":[{"taxonomy":"category","embeddable":true,"href":"https:\/\/www.caririemacao.com\/1\/wp-json\/wp\/v2\/categories?post=166827"},{"taxonomy":"post_tag","embeddable":true,"href":"https:\/\/www.caririemacao.com\/1\/wp-json\/wp\/v2\/tags?post=166827"}],"curies":[{"name":"wp","href":"https:\/\/api.w.org\/{rel}","templated":true}]}}