{"id":166833,"date":"2020-04-30T14:57:14","date_gmt":"2020-04-30T17:57:14","guid":{"rendered":"https:\/\/www.caririemacao.com\/1\/?p=166833"},"modified":"2020-04-30T14:57:14","modified_gmt":"2020-04-30T17:57:14","slug":"prefeitura-de-camalau-antecipa-salario-dos-servidores-publicos-referente-ao-mes-de-abril","status":"publish","type":"post","link":"https:\/\/www.caririemacao.com\/1\/2020\/04\/30\/prefeitura-de-camalau-antecipa-salario-dos-servidores-publicos-referente-ao-mes-de-abril\/","title":{"rendered":"Prefeitura de Camala\u00fa antecipa sal\u00e1rio dos servidores p\u00fablicos, referente ao m\u00eas de abril"},"content":{"rendered":"\n<p>O prefeito da cidade de Camala\u00fa, Sandro M\u00f4co, publicou em suas redes sociais um texto informando a popula\u00e7\u00e3o sobre a antecipa\u00e7\u00e3o do pagamento dos funcion\u00e1rios p\u00fablicos, referente ao m\u00eas de abril. <\/p>\n\n\n\n<p>No texto ele diz o seguinte: &#8220;Queremos avisar aos funcion\u00e1rios municipais de Camala\u00fa, que iniciamos de forma antecipada o pagamento do funcionalismo neste dia 28 de abril de 2020.<\/p>\n\n\n\n<p>E continua: &#8220;mesmo com toda essa crise nacional, estamos mantendo o nosso compromisso de pagar dentro do m\u00eas trabalhado os nossos funcion\u00e1rios.O dinheiro est\u00e1 sendo creditado nas suas respectivas contas! <\/p>\n\n\n\n<p>&#8220;Todos juntos, vamos passar por este momento que assola o nosso pa\u00eds. Procurem ficar em casa, e s\u00f3 saiam em situa\u00e7\u00e3o de necessidade.Um xero no cora\u00e7\u00e3o de todos!! Alecsandro Bezerra dos Santos (Sandro M\u00f4co)<br>Prefeito de Camala\u00fa&#8221;, afirmou o prefeito. <\/p>\n","protected":false},"excerpt":{"rendered":"<p>O prefeito da cidade de Camala\u00fa, Sandro M\u00f4co, publicou em suas redes sociais um texto informando a popula\u00e7\u00e3o sobre a antecipa\u00e7\u00e3o do pagamento dos funcion\u00e1rios&hellip; <\/p>\n","protected":false},"author":1,"featured_media":166834,"comment_status":"closed","ping_status":"closed","sticky":false,"template":"","format":"standard","meta":{"sfsi_plus_gutenberg_text_before_share":"","sfsi_plus_gutenberg_show_text_before_share":"","sfsi_plus_gutenberg_icon_type":"","sfsi_plus_gutenberg_icon_alignemt":"","sfsi_plus_gutenburg_max_per_row":"","footnotes":""},"categories":[6,50],"tags":[],"class_list":["post-166833","post","type-post","status-publish","format-standard","has-post-thumbnail","hentry","category-cidades","category-destaque"],"_links":{"self":[{"href":"https:\/\/www.caririemacao.com\/1\/wp-json\/wp\/v2\/posts\/166833","targetHints":{"allow":["GET"]}}],"collection":[{"href":"https:\/\/www.caririemacao.com\/1\/wp-json\/wp\/v2\/posts"}],"about":[{"href":"https:\/\/www.caririemacao.com\/1\/wp-json\/wp\/v2\/types\/post"}],"author":[{"embeddable":true,"href":"https:\/\/www.caririemacao.com\/1\/wp-json\/wp\/v2\/users\/1"}],"replies":[{"embeddable":true,"href":"https:\/\/www.caririemacao.com\/1\/wp-json\/wp\/v2\/comments?post=166833"}],"version-history":[{"count":1,"href":"https:\/\/www.caririemacao.com\/1\/wp-json\/wp\/v2\/posts\/166833\/revisions"}],"predecessor-version":[{"id":166835,"href":"https:\/\/www.caririemacao.com\/1\/wp-json\/wp\/v2\/posts\/166833\/revisions\/166835"}],"wp:featuredmedia":[{"embeddable":true,"href":"https:\/\/www.caririemacao.com\/1\/wp-json\/wp\/v2\/media\/166834"}],"wp:attachment":[{"href":"https:\/\/www.caririemacao.com\/1\/wp-json\/wp\/v2\/media?parent=166833"}],"wp:term":[{"taxonomy":"category","embeddable":true,"href":"https:\/\/www.caririemacao.com\/1\/wp-json\/wp\/v2\/categories?post=166833"},{"taxonomy":"post_tag","embeddable":true,"href":"https:\/\/www.caririemacao.com\/1\/wp-json\/wp\/v2\/tags?post=166833"}],"curies":[{"name":"wp","href":"https:\/\/api.w.org\/{rel}","templated":true}]}}