{"id":166841,"date":"2020-04-30T23:02:36","date_gmt":"2020-05-01T02:02:36","guid":{"rendered":"https:\/\/www.caririemacao.com\/1\/?p=166841"},"modified":"2020-04-30T23:02:38","modified_gmt":"2020-05-01T02:02:38","slug":"nota-sobre-o-estado-de-saude-da-deputada-federal-edna-henrique","status":"publish","type":"post","link":"https:\/\/www.caririemacao.com\/1\/2020\/04\/30\/nota-sobre-o-estado-de-saude-da-deputada-federal-edna-henrique\/","title":{"rendered":"Nota sobre o estado de sa\u00fade da deputada federal Edna Henrique"},"content":{"rendered":"\n<p>A deputada federal Edna Henrique encontra-se internada no Hospital Ant\u00f4nio Targino, em Campina Grande, depois de passar mal ao sentir fortes dores no peito nesta quinta-feira (30) em sua resid\u00eancia na cidade de Monteiro. Edna Henrique que \u00e9 usu\u00e1ria de marca-passo est\u00e1 sendo submetida a avalia\u00e7\u00e3o m\u00e9dica, realizando uma bateria de exames e segue est\u00e1vel, em observa\u00e7\u00e3o cl\u00ednica.<\/p>\n\n\n\n<p>De acordo com as informa\u00e7\u00f5es do m\u00e9dico do Samu, Dr. Jaques Lafity, a paciente est\u00e1 consciente do que ocorreu, orientada em tempo e espa\u00e7o e respirando bem com a ajuda de uma m\u00e1scara de oxig\u00eanio.<\/p>\n\n\n\n<p>A assessoria aguarda os resultados dos exames e os encaminhamentos m\u00e9dicos para informar com mais detalhes sobre a confirma\u00e7\u00e3o do infarto e quais ser\u00e3o os pr\u00f3ximos procedimentos.<\/p>\n","protected":false},"excerpt":{"rendered":"<p>A deputada federal Edna Henrique encontra-se internada no Hospital Ant\u00f4nio Targino, em Campina Grande, depois de passar mal ao sentir fortes dores no peito nesta&hellip; <\/p>\n","protected":false},"author":2,"featured_media":60168,"comment_status":"closed","ping_status":"closed","sticky":false,"template":"","format":"standard","meta":{"sfsi_plus_gutenberg_text_before_share":"","sfsi_plus_gutenberg_show_text_before_share":"","sfsi_plus_gutenberg_icon_type":"","sfsi_plus_gutenberg_icon_alignemt":"","sfsi_plus_gutenburg_max_per_row":"","footnotes":""},"categories":[50,2],"tags":[],"class_list":["post-166841","post","type-post","status-publish","format-standard","has-post-thumbnail","hentry","category-destaque","category-geral"],"_links":{"self":[{"href":"https:\/\/www.caririemacao.com\/1\/wp-json\/wp\/v2\/posts\/166841","targetHints":{"allow":["GET"]}}],"collection":[{"href":"https:\/\/www.caririemacao.com\/1\/wp-json\/wp\/v2\/posts"}],"about":[{"href":"https:\/\/www.caririemacao.com\/1\/wp-json\/wp\/v2\/types\/post"}],"author":[{"embeddable":true,"href":"https:\/\/www.caririemacao.com\/1\/wp-json\/wp\/v2\/users\/2"}],"replies":[{"embeddable":true,"href":"https:\/\/www.caririemacao.com\/1\/wp-json\/wp\/v2\/comments?post=166841"}],"version-history":[{"count":1,"href":"https:\/\/www.caririemacao.com\/1\/wp-json\/wp\/v2\/posts\/166841\/revisions"}],"predecessor-version":[{"id":166842,"href":"https:\/\/www.caririemacao.com\/1\/wp-json\/wp\/v2\/posts\/166841\/revisions\/166842"}],"wp:featuredmedia":[{"embeddable":true,"href":"https:\/\/www.caririemacao.com\/1\/wp-json\/wp\/v2\/media\/60168"}],"wp:attachment":[{"href":"https:\/\/www.caririemacao.com\/1\/wp-json\/wp\/v2\/media?parent=166841"}],"wp:term":[{"taxonomy":"category","embeddable":true,"href":"https:\/\/www.caririemacao.com\/1\/wp-json\/wp\/v2\/categories?post=166841"},{"taxonomy":"post_tag","embeddable":true,"href":"https:\/\/www.caririemacao.com\/1\/wp-json\/wp\/v2\/tags?post=166841"}],"curies":[{"name":"wp","href":"https:\/\/api.w.org\/{rel}","templated":true}]}}