{"id":166843,"date":"2020-05-01T01:44:55","date_gmt":"2020-05-01T04:44:55","guid":{"rendered":"https:\/\/www.caririemacao.com\/1\/?p=166843"},"modified":"2020-05-01T01:44:55","modified_gmt":"2020-05-01T04:44:55","slug":"ministerio-publico-pede-que-cliente-que-recusou-mascara-em-hipermercado-continue-preso","status":"publish","type":"post","link":"https:\/\/www.caririemacao.com\/1\/2020\/05\/01\/ministerio-publico-pede-que-cliente-que-recusou-mascara-em-hipermercado-continue-preso\/","title":{"rendered":"Minist\u00e9rio P\u00fablico pede que cliente que recusou m\u00e1scara em hipermercado continue preso"},"content":{"rendered":"\n<p>No documento, o promotor ainda considera ilegal a pris\u00e3o do vigilante do estabelecimento, Willian Soares, de 27 anos. O Minist\u00e9rio P\u00fablico do Paran\u00e1 (MP-PR) entende que Willian agiu sob o amparo da leg\u00edtima defesa, n\u00e3o havendo crime em sua conduta.<\/p>\n\n\n\n<p>Caso o requerimento do MP seja aceito pela Justi\u00e7a, a fian\u00e7a de R$ 10 mil paga pelo vigilante para responder o processo em liberdade dever\u00e1 ser restitu\u00edda.<\/p>\n\n\n\n<p>O vigilante foi autuado por homic\u00eddio culposo \u2013 onde n\u00e3o h\u00e1 dolo, ou seja, sem inten\u00e7\u00e3o de matar, e tamb\u00e9m por disparo de arma de fogo.<\/p>\n\n\n\n<h2 class=\"wp-block-heading\">Cliente<\/h2>\n\n\n\n<p>O advogado Ygor Nasser Salmen, que defende Garbossa, disse ser &#8220;um exagero&#8221; o entendimento de leg\u00edtima defesa para o vigilante e que seu cliente vai responder pelo que efetivamente praticou. &#8220;O eventual disparo de arma de fogo e o homic\u00eddio n\u00e3o foi ele quem causou e as verdadeiras pessoas precisam ser responsabilizadas. \u00c9 um exagero falar que o que aconteceu foi leg\u00edtima defesa, uma vez que o que h\u00e1 nesse caso \u00e9 um despreparo gritante de algu\u00e9m que n\u00e3o sabe portar uma arma de fogo&#8221;, afirmou Salmen.<\/p>\n\n\n\n<p>O delegado respons\u00e1vel pelo inqu\u00e9rito, Tiago Wladyka, enumerou as infra\u00e7\u00f5es e crimes que Garbossa poder\u00e1 responder durante a finaliza\u00e7\u00e3o do inqu\u00e9rito. &#8220;Ele ser\u00e1 autuado por duas les\u00f5es corporais, contra o vigilante e a fiscal de loja, um dano qualificado, por ter destru\u00eddo uma televis\u00e3o, pela infra\u00e7\u00e3o de normas do poder p\u00fablico e colocando em risco a sa\u00fade das pessoas. Houve inj\u00faria e perturba\u00e7\u00e3o do trabalho alheio, tamb\u00e9m&#8221;, disse ele.<\/p>\n\n\n\n<p>Legalmente, as autua\u00e7\u00f5es ultrapassam quatro anos de reclus\u00e3o e, desta forma, n\u00e3o haver\u00e1 imposi\u00e7\u00e3o de fian\u00e7a por parte da delegacia. &#8220;Caso fique comprovada a a\u00e7\u00e3o direta desse cliente, ao enfrentar um seguran\u00e7a armado, ele ainda poder\u00e1 responder por homic\u00eddio com dolo eventual&#8221;, finalizou o delegado de Arauc\u00e1ria.<\/p>\n\n\n\n<h2 class=\"wp-block-heading\">Caso<\/h2>\n\n\n\n<p>Danir Garbossa teria se recusado a colocar m\u00e1scara para entrar no Hipermercado Condor, na tarde de ter\u00e7a-feira (28). Segundo testemunhas, um seguran\u00e7a foi chamado para conter o cliente e um disparo aconteceu, momento em que a funcion\u00e1ria, Sandra Maria Aparecida Ribeiro, 45 anos, foi atingida e n\u00e3o resistiu aos ferimentos.<\/p>\n\n\n\n<p><strong>Fonte: Banda B<\/strong><\/p>\n","protected":false},"excerpt":{"rendered":"<p>No documento, o promotor ainda considera ilegal a pris\u00e3o do vigilante do estabelecimento, Willian Soares, de 27 anos. O Minist\u00e9rio P\u00fablico do Paran\u00e1 (MP-PR) entende&hellip; <\/p>\n","protected":false},"author":1,"featured_media":166844,"comment_status":"closed","ping_status":"closed","sticky":false,"template":"","format":"standard","meta":{"sfsi_plus_gutenberg_text_before_share":"","sfsi_plus_gutenberg_show_text_before_share":"","sfsi_plus_gutenberg_icon_type":"","sfsi_plus_gutenberg_icon_alignemt":"","sfsi_plus_gutenburg_max_per_row":"","footnotes":""},"categories":[2],"tags":[],"class_list":["post-166843","post","type-post","status-publish","format-standard","has-post-thumbnail","hentry","category-geral"],"_links":{"self":[{"href":"https:\/\/www.caririemacao.com\/1\/wp-json\/wp\/v2\/posts\/166843","targetHints":{"allow":["GET"]}}],"collection":[{"href":"https:\/\/www.caririemacao.com\/1\/wp-json\/wp\/v2\/posts"}],"about":[{"href":"https:\/\/www.caririemacao.com\/1\/wp-json\/wp\/v2\/types\/post"}],"author":[{"embeddable":true,"href":"https:\/\/www.caririemacao.com\/1\/wp-json\/wp\/v2\/users\/1"}],"replies":[{"embeddable":true,"href":"https:\/\/www.caririemacao.com\/1\/wp-json\/wp\/v2\/comments?post=166843"}],"version-history":[{"count":1,"href":"https:\/\/www.caririemacao.com\/1\/wp-json\/wp\/v2\/posts\/166843\/revisions"}],"predecessor-version":[{"id":166845,"href":"https:\/\/www.caririemacao.com\/1\/wp-json\/wp\/v2\/posts\/166843\/revisions\/166845"}],"wp:featuredmedia":[{"embeddable":true,"href":"https:\/\/www.caririemacao.com\/1\/wp-json\/wp\/v2\/media\/166844"}],"wp:attachment":[{"href":"https:\/\/www.caririemacao.com\/1\/wp-json\/wp\/v2\/media?parent=166843"}],"wp:term":[{"taxonomy":"category","embeddable":true,"href":"https:\/\/www.caririemacao.com\/1\/wp-json\/wp\/v2\/categories?post=166843"},{"taxonomy":"post_tag","embeddable":true,"href":"https:\/\/www.caririemacao.com\/1\/wp-json\/wp\/v2\/tags?post=166843"}],"curies":[{"name":"wp","href":"https:\/\/api.w.org\/{rel}","templated":true}]}}