{"id":166849,"date":"2020-05-01T01:49:59","date_gmt":"2020-05-01T04:49:59","guid":{"rendered":"https:\/\/www.caririemacao.com\/1\/?p=166849"},"modified":"2020-05-01T01:49:59","modified_gmt":"2020-05-01T04:49:59","slug":"suspeito-de-matar-ex-companheira-a-facadas-e-preso","status":"publish","type":"post","link":"https:\/\/www.caririemacao.com\/1\/2020\/05\/01\/suspeito-de-matar-ex-companheira-a-facadas-e-preso\/","title":{"rendered":"Suspeito de matar ex-companheira a facadas \u00e9 preso"},"content":{"rendered":"\n<p>O suspeito de matar a ex-companheira a facadas, na noite dessa quarta-feira (29), na cidade de Itatuba (PB), foi preso na tarde desta quinta-feira (30). O suspeito de 29 anos estava escondido em uma casa, no distrito de Dois Riachos, na cidade de Salgado de S\u00e3o F\u00e9lix (PB).<\/p>\n\n\n\n<p><br>Segundo a pol\u00edcia, ele j\u00e1 tem uma condena\u00e7\u00e3o por roubo e respondia pelo crime em liberdade, mediante uso de tornozeleira eletr\u00f4nica, mas desde o dia 20 de janeiro havia rompido o equipamento que o monitorava e passou \u00e0 condi\u00e7\u00e3o de foragido da Justi\u00e7a.<\/p>\n\n\n\n<p><br>A pris\u00e3o foi resultado de um trabalho integrado entre policiais do 8\u00ba Batalh\u00e3o de Pol\u00edcia Militar e da 9\u00aa Delegacia Seccional de Pol\u00edcia Civil, que vinham fazendo buscas pelo suspeito desde o momento do crime, verificando todos os poss\u00edveis locais de fuga. O preso foi levado para a Delegacia de Pol\u00edcia Civil, em Itabaiana (PB).<\/p>\n\n\n\n<p><br>A v\u00edtima tinha 20 anos e estava em casa quando teria sido surpreendida pelo ex-companheiro, que invadiu a resid\u00eancia pela porta dos fundos e deu v\u00e1rios golpes de faca nela, por volta das 21h dessa quarta-feira. A jovem ainda chegou a ser socorrida pelo Servi\u00e7o de Atendimento M\u00f3vel de Urg\u00eancia (Samu) para a Unidade de Pronto Atendimento (UPA) de Ing\u00e1 (PB), mas n\u00e3o resistiu aos ferimentos.<\/p>\n\n\n\n<p><br>\u00a0Fonte: Portal Correio\u00a0<\/p>\n","protected":false},"excerpt":{"rendered":"<p>O suspeito de matar a ex-companheira a facadas, na noite dessa quarta-feira (29), na cidade de Itatuba (PB), foi preso na tarde desta quinta-feira (30).&hellip; <\/p>\n","protected":false},"author":1,"featured_media":166850,"comment_status":"closed","ping_status":"closed","sticky":false,"template":"","format":"standard","meta":{"sfsi_plus_gutenberg_text_before_share":"","sfsi_plus_gutenberg_show_text_before_share":"","sfsi_plus_gutenberg_icon_type":"","sfsi_plus_gutenberg_icon_alignemt":"","sfsi_plus_gutenburg_max_per_row":"","footnotes":""},"categories":[12],"tags":[],"class_list":["post-166849","post","type-post","status-publish","format-standard","has-post-thumbnail","hentry","category-policia"],"_links":{"self":[{"href":"https:\/\/www.caririemacao.com\/1\/wp-json\/wp\/v2\/posts\/166849","targetHints":{"allow":["GET"]}}],"collection":[{"href":"https:\/\/www.caririemacao.com\/1\/wp-json\/wp\/v2\/posts"}],"about":[{"href":"https:\/\/www.caririemacao.com\/1\/wp-json\/wp\/v2\/types\/post"}],"author":[{"embeddable":true,"href":"https:\/\/www.caririemacao.com\/1\/wp-json\/wp\/v2\/users\/1"}],"replies":[{"embeddable":true,"href":"https:\/\/www.caririemacao.com\/1\/wp-json\/wp\/v2\/comments?post=166849"}],"version-history":[{"count":1,"href":"https:\/\/www.caririemacao.com\/1\/wp-json\/wp\/v2\/posts\/166849\/revisions"}],"predecessor-version":[{"id":166851,"href":"https:\/\/www.caririemacao.com\/1\/wp-json\/wp\/v2\/posts\/166849\/revisions\/166851"}],"wp:featuredmedia":[{"embeddable":true,"href":"https:\/\/www.caririemacao.com\/1\/wp-json\/wp\/v2\/media\/166850"}],"wp:attachment":[{"href":"https:\/\/www.caririemacao.com\/1\/wp-json\/wp\/v2\/media?parent=166849"}],"wp:term":[{"taxonomy":"category","embeddable":true,"href":"https:\/\/www.caririemacao.com\/1\/wp-json\/wp\/v2\/categories?post=166849"},{"taxonomy":"post_tag","embeddable":true,"href":"https:\/\/www.caririemacao.com\/1\/wp-json\/wp\/v2\/tags?post=166849"}],"curies":[{"name":"wp","href":"https:\/\/api.w.org\/{rel}","templated":true}]}}