{"id":166852,"date":"2020-05-01T01:53:22","date_gmt":"2020-05-01T04:53:22","guid":{"rendered":"https:\/\/www.caririemacao.com\/1\/?p=166852"},"modified":"2020-05-01T01:53:22","modified_gmt":"2020-05-01T04:53:22","slug":"guedes-conta-que-recebeu-de-doria-conselho-para-sair-do-governo-diz-site","status":"publish","type":"post","link":"https:\/\/www.caririemacao.com\/1\/2020\/05\/01\/guedes-conta-que-recebeu-de-doria-conselho-para-sair-do-governo-diz-site\/","title":{"rendered":"Guedes conta que recebeu de Doria conselho para sair do governo, diz site"},"content":{"rendered":"\n<p>O ministro da Economia, Paulo Guedes, relatou a empres\u00e1rios e outros ministros que o governador de S\u00e3o Paulo, Jo\u00e3o Doria (PSDB), o aconselhou a deixar o governo de Jair Bolsonaro, noticiou o site Poder360, do jornalista Fernando Rodrigues, na noite desta sexta-feira (30).<\/p>\n\n\n\n<p><br>A publica\u00e7\u00e3o disse ter ouvido cinco pessoas que relataram a mesma vers\u00e3o do di\u00e1logo. Segundo estes relatos, Doria ligou para Guedes no fim de semana passado, ap\u00f3s Sergio Moro se demitir do Minist\u00e9rio da Justi\u00e7a e Seguran\u00e7a P\u00fablica.<\/p>\n\n\n\n<p><br><strong><em>&#8220;Paulo, estou te ligando n\u00e3o como governador, mas como amigo. Quem sustentava governo era o Sergio Moro e voc\u00ea. Agora, sobrou voc\u00ea. Voc\u00ea \u00e9 muito admirado. Em nome da sua biografia, quero te dar um conselho: desembarque do governo agora&#8221;,\u00a0<\/em><\/strong>teria dito Doria.<br><strong><em>&#8220;Jo\u00e3o, eu agrade\u00e7o sua liga\u00e7\u00e3o, mas n\u00e3o sou eu que sustento o governo Bolsonaro. Quem sustenta o governo \u00e9 o povo que elegeu o presidente. Ele tem um ter\u00e7o de apoio. E outro um ter\u00e7o que fica no meio do caminho depois vai apoi\u00e1-lo. Jo\u00e3o, o pa\u00eds vive um momento democr\u00e1tico que \u00e9 barulhento, mas virtuoso&#8221;,<\/em><\/strong>\u00a0foi a resposta de Guedes, segundo o Poder360.<\/p>\n\n\n\n<p><br>De acordo com o ve\u00edculo de comunica\u00e7\u00e3o, a conversa entre Doria e Guedes foi assunto em uma reuni\u00e3o entre Bolsonaro e empres\u00e1rios na quarta-feira (29), al\u00e9m de Guedes e do ministro da Casa Civil, Braga Netto. Bolsonaro teria inclusive estimulado Guedes a contar como foi o telefonema de Doria.<\/p>\n\n\n\n<p><br>Ao site, Guedes n\u00e3o quis falar sobre o assunto. Doria n\u00e3o comentou o conte\u00fado do di\u00e1logo e disse que se tratava de uma conversa\u00a0<strong><em>&#8220;pessoal, n\u00e3o p\u00fablica&#8221;.<\/em><\/strong><\/p>\n","protected":false},"excerpt":{"rendered":"<p>O ministro da Economia, Paulo Guedes, relatou a empres\u00e1rios e outros ministros que o governador de S\u00e3o Paulo, Jo\u00e3o Doria (PSDB), o aconselhou a deixar&hellip; <\/p>\n","protected":false},"author":1,"featured_media":166853,"comment_status":"closed","ping_status":"closed","sticky":false,"template":"","format":"standard","meta":{"sfsi_plus_gutenberg_text_before_share":"","sfsi_plus_gutenberg_show_text_before_share":"","sfsi_plus_gutenberg_icon_type":"","sfsi_plus_gutenberg_icon_alignemt":"","sfsi_plus_gutenburg_max_per_row":"","footnotes":""},"categories":[11],"tags":[],"class_list":["post-166852","post","type-post","status-publish","format-standard","has-post-thumbnail","hentry","category-politica"],"_links":{"self":[{"href":"https:\/\/www.caririemacao.com\/1\/wp-json\/wp\/v2\/posts\/166852","targetHints":{"allow":["GET"]}}],"collection":[{"href":"https:\/\/www.caririemacao.com\/1\/wp-json\/wp\/v2\/posts"}],"about":[{"href":"https:\/\/www.caririemacao.com\/1\/wp-json\/wp\/v2\/types\/post"}],"author":[{"embeddable":true,"href":"https:\/\/www.caririemacao.com\/1\/wp-json\/wp\/v2\/users\/1"}],"replies":[{"embeddable":true,"href":"https:\/\/www.caririemacao.com\/1\/wp-json\/wp\/v2\/comments?post=166852"}],"version-history":[{"count":1,"href":"https:\/\/www.caririemacao.com\/1\/wp-json\/wp\/v2\/posts\/166852\/revisions"}],"predecessor-version":[{"id":166854,"href":"https:\/\/www.caririemacao.com\/1\/wp-json\/wp\/v2\/posts\/166852\/revisions\/166854"}],"wp:featuredmedia":[{"embeddable":true,"href":"https:\/\/www.caririemacao.com\/1\/wp-json\/wp\/v2\/media\/166853"}],"wp:attachment":[{"href":"https:\/\/www.caririemacao.com\/1\/wp-json\/wp\/v2\/media?parent=166852"}],"wp:term":[{"taxonomy":"category","embeddable":true,"href":"https:\/\/www.caririemacao.com\/1\/wp-json\/wp\/v2\/categories?post=166852"},{"taxonomy":"post_tag","embeddable":true,"href":"https:\/\/www.caririemacao.com\/1\/wp-json\/wp\/v2\/tags?post=166852"}],"curies":[{"name":"wp","href":"https:\/\/api.w.org\/{rel}","templated":true}]}}