{"id":166855,"date":"2020-05-01T01:55:22","date_gmt":"2020-05-01T04:55:22","guid":{"rendered":"https:\/\/www.caririemacao.com\/1\/?p=166855"},"modified":"2020-05-01T01:55:22","modified_gmt":"2020-05-01T04:55:22","slug":"juiza-de-conde-derruba-novamente-as-barreiras-impostas-por-marcia-lucena","status":"publish","type":"post","link":"https:\/\/www.caririemacao.com\/1\/2020\/05\/01\/juiza-de-conde-derruba-novamente-as-barreiras-impostas-por-marcia-lucena\/","title":{"rendered":"Ju\u00edza de Conde derruba novamente as barreiras impostas por M\u00e1rcia Lucena"},"content":{"rendered":"\n<p>Em nome do combate ao coronav\u00edrus a\u00a0\u00a0prefeita da cidade de Conde, M\u00e1rcia Lucena (PSB) tem impedido a entrada de pessoas no munic\u00edpio\u00a0por meio de decretos.\u00a0<br>Uma nova determina\u00e7\u00e3o proibia a entrada de cidad\u00e3o de fora no munic\u00edpio foi publicado nesta quarta-feira (29) e seria v\u00e1lido at\u00e9 o pr\u00f3ximo dia 03.\u00a0 Nesta quinta-feira (30)\u00a0a ju\u00edza\u00a0Dra Lessandra Nara Torres Silva\u00a0suspendeu a decis\u00e3o de M\u00e1rcia e requereu\u00a0<strong><em>\u201cantecipa\u00e7\u00e3o dos efeitos da tutela para que o Munic\u00edpio do Conde se abstenha de editar novos atos normativos que tenham por conte\u00fado a restri\u00e7\u00e3o\/limita\u00e7\u00e3o\/proibi\u00e7\u00e3o de ingresso e locomo\u00e7\u00e3o de pessoas e ve\u00edculos no territ\u00f3rio municipal, sob alega\u00e7\u00e3o de enfrentamento \u00e0 pandemia COVID-19\u201d.<\/em><\/strong><\/p>\n\n\n\n<p><br>A decis\u00e3o da magistrada pro\u00edbe M\u00e1rcia de manter a restri\u00e7\u00e3o que j\u00e1 est\u00e1 em vigor, al\u00e9m de n\u00e3o poder fazer novos decretos sobre o assunto sem laudo t\u00e9cnico do Minist\u00e9rio da Sa\u00fade ou da ANVISA, como foi feito nos \u00faltimos editados pela gestora.<br>A ju\u00edza questionou a efici\u00eancia da proibi\u00e7\u00e3o dos acessos ao Conde:\u00a0<strong><em>\u201cantes da primeira barreira sanit\u00e1ria ter sido realizada, no per\u00edodo entre 17 e 21 de abril de 2020, n\u00e3o havia nenhum caso de Coronav\u00edrus confirmado no munic\u00edpio do Conde. Entretanto, ap\u00f3s a segunda barreira para limita\u00e7\u00e3o de acesso foram confirmados 8 casos e, em raz\u00e3o disso, sustenta a inefic\u00e1cia da medida\u201d.<\/em><\/strong><br>Ficou institu\u00edda a multa di\u00e1ria de R$ 10.000,00 por dia, caso haja descumprimento da\u00a0\u00a0decis\u00e3o.<\/p>\n\n\n\n<p><strong>Com informa\u00e7\u00f5es de O EstadoPB<\/strong><\/p>\n","protected":false},"excerpt":{"rendered":"<p>Em nome do combate ao coronav\u00edrus a\u00a0\u00a0prefeita da cidade de Conde, M\u00e1rcia Lucena (PSB) tem impedido a entrada de pessoas no munic\u00edpio\u00a0por meio de decretos.\u00a0Uma&hellip; <\/p>\n","protected":false},"author":1,"featured_media":166856,"comment_status":"closed","ping_status":"closed","sticky":false,"template":"","format":"standard","meta":{"sfsi_plus_gutenberg_text_before_share":"","sfsi_plus_gutenberg_show_text_before_share":"","sfsi_plus_gutenberg_icon_type":"","sfsi_plus_gutenberg_icon_alignemt":"","sfsi_plus_gutenburg_max_per_row":"","footnotes":""},"categories":[2],"tags":[],"class_list":["post-166855","post","type-post","status-publish","format-standard","has-post-thumbnail","hentry","category-geral"],"_links":{"self":[{"href":"https:\/\/www.caririemacao.com\/1\/wp-json\/wp\/v2\/posts\/166855","targetHints":{"allow":["GET"]}}],"collection":[{"href":"https:\/\/www.caririemacao.com\/1\/wp-json\/wp\/v2\/posts"}],"about":[{"href":"https:\/\/www.caririemacao.com\/1\/wp-json\/wp\/v2\/types\/post"}],"author":[{"embeddable":true,"href":"https:\/\/www.caririemacao.com\/1\/wp-json\/wp\/v2\/users\/1"}],"replies":[{"embeddable":true,"href":"https:\/\/www.caririemacao.com\/1\/wp-json\/wp\/v2\/comments?post=166855"}],"version-history":[{"count":1,"href":"https:\/\/www.caririemacao.com\/1\/wp-json\/wp\/v2\/posts\/166855\/revisions"}],"predecessor-version":[{"id":166857,"href":"https:\/\/www.caririemacao.com\/1\/wp-json\/wp\/v2\/posts\/166855\/revisions\/166857"}],"wp:featuredmedia":[{"embeddable":true,"href":"https:\/\/www.caririemacao.com\/1\/wp-json\/wp\/v2\/media\/166856"}],"wp:attachment":[{"href":"https:\/\/www.caririemacao.com\/1\/wp-json\/wp\/v2\/media?parent=166855"}],"wp:term":[{"taxonomy":"category","embeddable":true,"href":"https:\/\/www.caririemacao.com\/1\/wp-json\/wp\/v2\/categories?post=166855"},{"taxonomy":"post_tag","embeddable":true,"href":"https:\/\/www.caririemacao.com\/1\/wp-json\/wp\/v2\/tags?post=166855"}],"curies":[{"name":"wp","href":"https:\/\/api.w.org\/{rel}","templated":true}]}}