{"id":166858,"date":"2020-05-01T01:58:45","date_gmt":"2020-05-01T04:58:45","guid":{"rendered":"https:\/\/www.caririemacao.com\/1\/?p=166858"},"modified":"2020-05-01T01:58:45","modified_gmt":"2020-05-01T04:58:45","slug":"luto-ex-participante-do-the-voice-kids-e-morto-a-tiros","status":"publish","type":"post","link":"https:\/\/www.caririemacao.com\/1\/2020\/05\/01\/luto-ex-participante-do-the-voice-kids-e-morto-a-tiros\/","title":{"rendered":"LUTO: Ex-participante do The Voice Kids \u00e9 morto a tiros"},"content":{"rendered":"\n<p>Participante da edi\u00e7\u00e3o de 2018 do\u00a0reality show The Voice Kids,\u00a0da\u00a0TV Globo,\u00a0o cantor Arthur Almeida, conhecido como\u00a0Tuca Almeida,\u00a0de 15 anos, foi\u00a0assassinado\u00a0por volta das 17h desta quinta-feira (30) em\u00a0Jaboat\u00e3o dos Guararapes\u00a0(PE). De acordo com a Pol\u00edcia Civil de Pernambuco, um grupo de\u00a0seis homens\u00a0entrou em um estabelecimento comercial procurando pelo cunhado de Arthur, que estava com ele. O jovem era\u00a0natural de Belo Horizonte.<br>As investiga\u00e7\u00f5es do caso s\u00e3o conduzidas pelo delegado F\u00e1bio Lacerda<strong><em>. &#8220;De acordo com informa\u00e7\u00f5es preliminares, um grupo formado por seis homens encapuzados adentrou em um estabelecimento comercial,\u00a0efetuando disparos de arma de fogo.\u00a0Procuravam, supostamente, pelo cunhado da v\u00edtima, que estava no local acompanhando o jovem e conseguiu fugir&#8221;,<\/em><\/strong>\u00a0informou a Pol\u00edcia Civil, em nota.\u00a0\u00a0<\/p>\n\n\n\n<p><br>O cunhado de Arthur, de acordo com as investiga\u00e7\u00f5es iniciais, \u00e9 um\u00a0presidi\u00e1rio que se encontra no regime aberto\u00a0por recente progress\u00e3o de pena.\u00a0<strong><em>&#8220;O caso seguir\u00e1 sob responsabilidade da 12\u00aa DPH, que tem o delegado \u00cdcaro Schneider como titular. A pol\u00edcia s\u00f3 se pronunciar\u00e1\u00a0ao t\u00e9rmino da investiga\u00e7\u00e3o,\u00a0que n\u00e3o cessar\u00e1 at\u00e9 a devida elucida\u00e7\u00e3o e captura dos respons\u00e1veis&#8221;,<\/em><\/strong>\u00a0ressaltou a institui\u00e7\u00e3o.<br>A v\u00edtima estudava no\u00a0Col\u00e9gio Madre de Deus,\u00a0na Zona Sul do Recife. A escola divulgou nota lamentando a morte do estudante, que cursava o primeiro ano do Ensino M\u00e9dio.\u00a0<strong><em>&#8220;A fam\u00edlia Madre de Deus\u00a0se compadece com a dor da fam\u00edlia.\u00a0Tuca, como era conhecido, era um menino de ouro e muita luz, que s\u00f3 fazia o bem, al\u00e9m de um excelente aluno. O col\u00e9gio, por meio de sua administra\u00e7\u00e3o, professores, funcion\u00e1rios, colegas e comunidade,\u00a0lamenta profundamente essa trag\u00e9dia\u00a0e neste momento de dor e perda, transmite os seus sentimentos aos familiares, amigos e colegas. Estamos de luto&#8221;,\u00a0<\/em><\/strong>escreveu o Madre de Deus.\u00a0<\/p>\n\n\n\n<figure class=\"wp-block-image\"><a href=\"https:\/\/1.bp.blogspot.com\/-T_z130W8A_4\/XquXWl5Q1MI\/AAAAAAAAeTk\/7t0yIsUuxhkT7jtBrYC8WYM7fxQmvchNACLcBGAsYHQ\/s1600\/KIDS.jpg\"><img decoding=\"async\" data-src=\"https:\/\/1.bp.blogspot.com\/-T_z130W8A_4\/XquXWl5Q1MI\/AAAAAAAAeTk\/7t0yIsUuxhkT7jtBrYC8WYM7fxQmvchNACLcBGAsYHQ\/s640\/KIDS.jpg\" alt=\"\" src=\"data:image\/svg+xml;base64,PHN2ZyB3aWR0aD0iMSIgaGVpZ2h0PSIxIiB4bWxucz0iaHR0cDovL3d3dy53My5vcmcvMjAwMC9zdmciPjwvc3ZnPg==\" class=\"lazyload\" \/><\/a><\/figure>\n\n\n\n<p><strong>Trajet\u00f3ria\u00a0<\/strong><br>Tuca Almeida participou da\u00a0edi\u00e7\u00e3o 2018\u00a0do The Voice Kids, a terceira exibida na TV Globo. Ele foi eliminado ainda no in\u00edcio do reality, em etapa na qual os jurados\u00a0n\u00e3o veem quem est\u00e1 cantando.<\/p>\n\n\n\n<p><br>Ele cantou a faixa\u00a0&#8220;Price Tag&#8221;, composta pela brit\u00e2nica Jessie J.\u00a0A performance, no entanto, n\u00e3o convenceu o grupo de jurados, \u00e0 ep\u00f3ca formado por Simone e Simaria, Claudia Leitte e Carlinhos Brown, que n\u00e3o &#8220;virou a cadeira&#8221;.\u00a0\u00a0<br><strong><em>&#8220;Fiquei triste pelo fato de n\u00e3o ter passado, mas\u00a0fiquei muito feliz por ter ido,\u00a0porque era um sonho desde os 7 anos&#8221;,<\/em><\/strong>\u00a0disse, na ocasi\u00e3o, ao\u00a0Di\u00e1rio de Pernambuco.Quando participou do The Voice Kids, Tuca Almeida pediu para os colegas de sala\u00a0assistirem ao programa,\u00a0sem revelar que apareceria.\u00a0<strong><em>&#8220;Eles viram e come\u00e7aram a enviar fotos minhas na TV em grupos. A\u00a0repercuss\u00e3o\u00a0foi muito boa!&#8221;,\u00a0<\/em><\/strong>afirmou.\u00a0\u00a0<br>Antes de chegar ao reality, ele passou por\u00a0tr\u00eas etapas,\u00a0come\u00e7ando pelo envio de um v\u00eddeo para a produ\u00e7\u00e3o do programa. Depois, enfrentou uma seletiva, ainda em Recife, antes de viajar para o Rio de Janeiro, onde passou por uma audi\u00e7\u00e3o.\u00a0<br>A\u00a0expectativa\u00a0foi grande, mas recebeu a aprova\u00e7\u00e3o da emissora j\u00e1 com as datas para a\u00a0entrevista\u00a0com o apresentador da atra\u00e7\u00e3o, Andr\u00e9 Marques, e da apresenta\u00e7\u00e3o, no palco.<\/p>\n\n\n\n<p>\u00a0<br>Os grandes \u00eddolos do adolescente eram os \u00edcones pop\u00a0Jessie J e Sam Smith.\u00a0Tamb\u00e9m tinha admira\u00e7\u00e3o enorme por\u00a0Nando Reis e Roberta Campos.\u00a0\u00a0<br>Tuca era filho de uma recifense com um capixaba e morava na capital pernambucana desde os 6 anos. Ele se mudou para estar\u00a0mais pr\u00f3ximo da fam\u00edlia materna.\u00a0<\/p>\n","protected":false},"excerpt":{"rendered":"<p>Participante da edi\u00e7\u00e3o de 2018 do\u00a0reality show The Voice Kids,\u00a0da\u00a0TV Globo,\u00a0o cantor Arthur Almeida, conhecido como\u00a0Tuca Almeida,\u00a0de 15 anos, foi\u00a0assassinado\u00a0por volta das 17h desta quinta-feira&hellip; <\/p>\n","protected":false},"author":1,"featured_media":166859,"comment_status":"closed","ping_status":"closed","sticky":false,"template":"","format":"standard","meta":{"sfsi_plus_gutenberg_text_before_share":"","sfsi_plus_gutenberg_show_text_before_share":"","sfsi_plus_gutenberg_icon_type":"","sfsi_plus_gutenberg_icon_alignemt":"","sfsi_plus_gutenburg_max_per_row":"","footnotes":""},"categories":[2],"tags":[],"class_list":["post-166858","post","type-post","status-publish","format-standard","has-post-thumbnail","hentry","category-geral"],"_links":{"self":[{"href":"https:\/\/www.caririemacao.com\/1\/wp-json\/wp\/v2\/posts\/166858","targetHints":{"allow":["GET"]}}],"collection":[{"href":"https:\/\/www.caririemacao.com\/1\/wp-json\/wp\/v2\/posts"}],"about":[{"href":"https:\/\/www.caririemacao.com\/1\/wp-json\/wp\/v2\/types\/post"}],"author":[{"embeddable":true,"href":"https:\/\/www.caririemacao.com\/1\/wp-json\/wp\/v2\/users\/1"}],"replies":[{"embeddable":true,"href":"https:\/\/www.caririemacao.com\/1\/wp-json\/wp\/v2\/comments?post=166858"}],"version-history":[{"count":1,"href":"https:\/\/www.caririemacao.com\/1\/wp-json\/wp\/v2\/posts\/166858\/revisions"}],"predecessor-version":[{"id":166860,"href":"https:\/\/www.caririemacao.com\/1\/wp-json\/wp\/v2\/posts\/166858\/revisions\/166860"}],"wp:featuredmedia":[{"embeddable":true,"href":"https:\/\/www.caririemacao.com\/1\/wp-json\/wp\/v2\/media\/166859"}],"wp:attachment":[{"href":"https:\/\/www.caririemacao.com\/1\/wp-json\/wp\/v2\/media?parent=166858"}],"wp:term":[{"taxonomy":"category","embeddable":true,"href":"https:\/\/www.caririemacao.com\/1\/wp-json\/wp\/v2\/categories?post=166858"},{"taxonomy":"post_tag","embeddable":true,"href":"https:\/\/www.caririemacao.com\/1\/wp-json\/wp\/v2\/tags?post=166858"}],"curies":[{"name":"wp","href":"https:\/\/api.w.org\/{rel}","templated":true}]}}