{"id":166861,"date":"2020-05-01T02:00:51","date_gmt":"2020-05-01T05:00:51","guid":{"rendered":"https:\/\/www.caririemacao.com\/1\/?p=166861"},"modified":"2020-05-01T02:00:51","modified_gmt":"2020-05-01T05:00:51","slug":"absurdo-familia-e-comunicada-da-morte-de-idoso-por-covid-19-nao-acha-corpo-e-descobre-que-ele-esta-vivo","status":"publish","type":"post","link":"https:\/\/www.caririemacao.com\/1\/2020\/05\/01\/absurdo-familia-e-comunicada-da-morte-de-idoso-por-covid-19-nao-acha-corpo-e-descobre-que-ele-esta-vivo\/","title":{"rendered":"ABSURDO: Fam\u00edlia \u00e9 comunicada da morte de idoso por Covid-19, n\u00e3o acha corpo e descobre que ele est\u00e1 vivo"},"content":{"rendered":"\n<p>Um caso, no m\u00ednimo curioso e grave, foi registrado na Para\u00edba nesta quinta-feira (30). Familiares de Geraldo Gon\u00e7alves Cardoso, de 70 anos, passaram por momentos dif\u00edceis quando foram comunicados da morte dele. O homem est\u00e1 internado h\u00e1 cerca de duas semanas no Hospital Metropolitano, em Santa Rita, na Grande Jo\u00e3o Pessoa, com quadro de\u00a0Covid-19\u00a0e outras comorbidades &#8211; como complica\u00e7\u00f5es card\u00edacas e\u00a0diabetes.<\/p>\n\n\n\n<p><br>O caso foi relatado ao\u00a0Portal T5\u00a0por Jos\u00e9 Carlos de Farias Cardoso, de 52 anos, que \u00e9 filho de seu Geraldo. Segundo ele, na manh\u00e3 desta quinta (30), seu sobrinho recebeu um telefonema que seria da assist\u00eancia social do Metropolitano pedindo que a fam\u00edlia fosse ao hospital.<br>Ao chegar l\u00e1, eles foram informados sobre a morte do idoso e receberam uma declara\u00e7\u00e3o do \u00f3bito. No laudo apresentado constava que Geraldo Gon\u00e7alves tinha\u00a0morrido v\u00edtima de S\u00edndrome Respirat\u00f3ria Aguda Grave (SARS) \/ Covid-19 \/Doen\u00e7a Pulmonar Obstrutiva Cr\u00f4nica<em>.<strong>\u00a0\u201cTemos parentes idosos. Agora, imagina voc\u00ea ter que dar uma not\u00edcia dessas\u201d,<\/strong><\/em>\u00a0lembrou o filho do paciente.<\/p>\n\n\n\n<p><br>A surpresa veio quando ao tentar realizar o reconhecimento do corpo, o neto n\u00e3o\u00a0identificou seu Geraldo entre os cad\u00e1veres.\u00a0A fam\u00edlia contou ao\u00a0Portal T5\u00a0que em um dos corpos havia um papel com as informa\u00e7\u00f5es pessoais do idoso e quando o neto pediu para ver o rosto, descobriu que n\u00e3o era seu av\u00f4.\u201cMeu sobrinho disse que viu pelo menos tr\u00eas corpos. Meu pai n\u00e3o estava entre os mortos. Ficamos desesperados\u201d, afirmou Jos\u00e9.<\/p>\n\n\n\n<p><br>Dentro do hospital, os parentes buscavam pelo idoso. Sem sucesso. Paralelo a isso, quem esperava do lado de fora da unidade j\u00e1 havia comunicado a morte a familiares que moram nos estados de S\u00e3o Paulo e Rio de Janeiro, por exemplo.\u00a0<strong><em>\u201cA fam\u00edlia j\u00e1 estava de luto\u201d,<\/em><\/strong>\u00a0revelou Jos\u00e9 Carlos.<br>Cerca de oito horas depois,\u00a0os parentes foram comunicados que\u00a0o idoso havia sido localizado em um leito\u00a0na Unidade de Terapia Intensiva (UTI). \u00a0<strong><em>\u201cMeu pai est\u00e1 vivo. Entubado, \u00e9 verdade. Mas, n\u00e3o morto. Eu sou diab\u00e9tico, imagina o peso de uma not\u00edcia dessas&#8230; Ligamos mais uma vez e comunicamos a toda fam\u00edlia que o hospital tinha cometido um erro. Meu irm\u00e3o est\u00e1 revoltado\u201d,<\/em><\/strong>\u00a0contou \u00e0 reportagem.<br>Procurada pelo\u00a0Portal T5, a assessoria de comunica\u00e7\u00e3o do Hospital Metropolitano informou que apura o caso para posteriormente se pronunciar.<br>O idoso continua internado na UTI do hospital com Covid-19, al\u00e9m das comorbidades.<\/p>\n\n\n\n<figure class=\"wp-block-image\"><a href=\"https:\/\/1.bp.blogspot.com\/-yoxgK4q6ONg\/XquVQ3ca_2I\/AAAAAAAAeTU\/Yaw4a8GMJk4pqWEmzuCsQvKklHsWA7AfQCLcBGAsYHQ\/s1600\/DADOS-2.jpg\"><img decoding=\"async\" data-src=\"https:\/\/1.bp.blogspot.com\/-yoxgK4q6ONg\/XquVQ3ca_2I\/AAAAAAAAeTU\/Yaw4a8GMJk4pqWEmzuCsQvKklHsWA7AfQCLcBGAsYHQ\/s1600\/DADOS-2.jpg\" alt=\"\" src=\"data:image\/svg+xml;base64,PHN2ZyB3aWR0aD0iMSIgaGVpZ2h0PSIxIiB4bWxucz0iaHR0cDovL3d3dy53My5vcmcvMjAwMC9zdmciPjwvc3ZnPg==\" class=\"lazyload\" \/><\/a><\/figure>\n\n\n\n<p>Canal do povo<\/p>\n","protected":false},"excerpt":{"rendered":"<p>Um caso, no m\u00ednimo curioso e grave, foi registrado na Para\u00edba nesta quinta-feira (30). Familiares de Geraldo Gon\u00e7alves Cardoso, de 70 anos, passaram por momentos&hellip; <\/p>\n","protected":false},"author":1,"featured_media":166862,"comment_status":"closed","ping_status":"closed","sticky":false,"template":"","format":"standard","meta":{"sfsi_plus_gutenberg_text_before_share":"","sfsi_plus_gutenberg_show_text_before_share":"","sfsi_plus_gutenberg_icon_type":"","sfsi_plus_gutenberg_icon_alignemt":"","sfsi_plus_gutenburg_max_per_row":"","footnotes":""},"categories":[6],"tags":[],"class_list":["post-166861","post","type-post","status-publish","format-standard","has-post-thumbnail","hentry","category-cidades"],"_links":{"self":[{"href":"https:\/\/www.caririemacao.com\/1\/wp-json\/wp\/v2\/posts\/166861","targetHints":{"allow":["GET"]}}],"collection":[{"href":"https:\/\/www.caririemacao.com\/1\/wp-json\/wp\/v2\/posts"}],"about":[{"href":"https:\/\/www.caririemacao.com\/1\/wp-json\/wp\/v2\/types\/post"}],"author":[{"embeddable":true,"href":"https:\/\/www.caririemacao.com\/1\/wp-json\/wp\/v2\/users\/1"}],"replies":[{"embeddable":true,"href":"https:\/\/www.caririemacao.com\/1\/wp-json\/wp\/v2\/comments?post=166861"}],"version-history":[{"count":1,"href":"https:\/\/www.caririemacao.com\/1\/wp-json\/wp\/v2\/posts\/166861\/revisions"}],"predecessor-version":[{"id":166863,"href":"https:\/\/www.caririemacao.com\/1\/wp-json\/wp\/v2\/posts\/166861\/revisions\/166863"}],"wp:featuredmedia":[{"embeddable":true,"href":"https:\/\/www.caririemacao.com\/1\/wp-json\/wp\/v2\/media\/166862"}],"wp:attachment":[{"href":"https:\/\/www.caririemacao.com\/1\/wp-json\/wp\/v2\/media?parent=166861"}],"wp:term":[{"taxonomy":"category","embeddable":true,"href":"https:\/\/www.caririemacao.com\/1\/wp-json\/wp\/v2\/categories?post=166861"},{"taxonomy":"post_tag","embeddable":true,"href":"https:\/\/www.caririemacao.com\/1\/wp-json\/wp\/v2\/tags?post=166861"}],"curies":[{"name":"wp","href":"https:\/\/api.w.org\/{rel}","templated":true}]}}