{"id":166867,"date":"2020-05-01T02:05:46","date_gmt":"2020-05-01T05:05:46","guid":{"rendered":"https:\/\/www.caririemacao.com\/1\/?p=166867"},"modified":"2020-05-01T02:05:46","modified_gmt":"2020-05-01T05:05:46","slug":"bayeux-presidente-rebate-secretario-de-saude-e-diz-que-trabalho-da-camara-nao-e-politicagem","status":"publish","type":"post","link":"https:\/\/www.caririemacao.com\/1\/2020\/05\/01\/bayeux-presidente-rebate-secretario-de-saude-e-diz-que-trabalho-da-camara-nao-e-politicagem\/","title":{"rendered":"BAYEUX: Presidente rebate secret\u00e1rio de Sa\u00fade e diz que trabalho da C\u00e2mara n\u00e3o \u00e9 politicagem"},"content":{"rendered":"\n<p>O presidente da C\u00e2mara de Bayeux. Jefferson Kita, rebateu, na noite desta quinta-feira (30), as palavras do Secret\u00e1rio de Sa\u00fade do munic\u00edpio, Gilliard Abrantes, que chamou o trabalho das comiss\u00f5es Especial e de Sa\u00fade do parlamento de \u201cpoliticagem\u201d,<br>Para o presidente, Gilliard desconhece a Lei Org\u00e2nica do munic\u00edpio, a Constitui\u00e7\u00e3o e demais leis e resolu\u00e7\u00f5es que atribuem \u00e0 figura do vereador a prerrogativa de fiscalizar o Poder Executivo municipal, assim como seus gastos e suas a\u00e7\u00f5es.<br>Kita ressalta o momento de crise vivenciado por Bayeux, assim como no estado e no pa\u00eds como um todo, em decorr\u00eancia da pandemia do novo Coronav\u00edrus e o volume de recursos liberados pela C\u00e2mara fruto do cr\u00e9dito especial proveniente da outorga onerosa do pr\u00e9-sal que disponibilizou \u00e0 Secretaria de Sa\u00fade nada menos do que meio milh\u00e3o de reais para serem aplicados nas a\u00e7\u00f5es de combate \u00e0 Covid-19, principalmente, pelos decretos de calamidade p\u00fablica vigentes no estado e no munic\u00edpio, que oportunizam ao secret\u00e1rio e ao prefeito Berg Lima realizarem compras e contratarem servi\u00e7os sem a necessidade do processo licitat\u00f3rio.<br>O presidente da C\u00e2mara questiona o secret\u00e1rio e o prefeito sobre quais a\u00e7\u00f5es est\u00e3o sendo desenvolvidas pela munic\u00edpio para prevenir o cont\u00e1gio do Coronav\u00edrus e quais s\u00e3o os servi\u00e7os disponibilizados \u00e0 popula\u00e7\u00e3o para o atendimento dos casos j\u00e1 confirmados. Segundo ele, a gest\u00e3o faz muita pirotecnia como o caso da barreira sanit\u00e1ria fale que n\u00e3o obteve nenhum resultado pr\u00e1tico, al\u00e9m de ter se apropriado da alta m\u00e9dica de um paciente residente no munic\u00edpio, mas que n\u00e3o recebeu nenhum tratamento m\u00e9dico ou cl\u00ednico na cidade, fora a calamidade nas contas com o atraso de sal\u00e1rios, principalmente, dos aposentados.<br>\u201cAo nosso ver, at\u00e9 agora n\u00e3o houve nenhuma a\u00e7\u00e3o, de fato, como a distribui\u00e7\u00e3o de m\u00e1scara e \u00e1lcool gel e muito menos para equipar a UPA para atender aos pacientes que a procurarem\u201d<\/p>\n\n\n\n<p><br>Os vereadores foram na unidade, n\u00e3o encontraram um cen\u00e1rio favor\u00e1vel, o secret\u00e1rio desmentiu usando o nome do CRM, n\u00e3o vi nenhuma nota p\u00fablica do CRM dizendo que a UPA est\u00e1 apta a atender para o Coronav\u00edrus\u201d, enfatizou.<\/p>\n\n\n\n<p><br>Segundo Kita, os vereadores seguir\u00e3o cumprindo com o seu papel de fiscaliza\u00e7\u00e3o, alem de manter o contato constante que tem sido feito com o Minist\u00e9rio P\u00fablico, para onde os parlamentares t\u00eam levado as demandas da C\u00e2mara e da cidade.<br><strong><em>\u201cA C\u00e2mara n\u00e3o vem fazendo pol\u00edtica partid\u00e1ria, a C\u00e2mara vem dando gestos, devolveu recursos, aprovou recursos, e nada mais justo do que a pr\u00f3pria C\u00e2mara fiscalizar esses mesmos recursos. O povo elegeu os vereadores para isso, independente de serem oposi\u00e7\u00e3o ou situa\u00e7\u00e3o. Querer intimidar o Poder Legislativo que quer cumprir com o seu papel n\u00e3o \u00e9 um ato republicano nem \u00e9 postura de um secret\u00e1rio\u201d,<\/em><\/strong>\u00a0pontuou.<\/p>\n\n\n\n<p><br>Por fim, Jefferson Kita reafirmou que o trabalho de fiscaliza\u00e7\u00e3o, mesmo a contragosto do secret\u00e1rio, continuar\u00e1 sendo feito, e toda e qualquer irregularidade ser\u00e1 denunciada ao MP. O presidente do parlamento exigiu respeito de Gilliard Abrantes para com a casa legislativa.<\/p>\n\n\n\n<p><br><strong><em>\u201cRespeite a C\u00e2mara, respeite o Poder Legislativo. Voc\u00ea est\u00e1 ocupando um cargo de secret\u00e1rio e, como ordenador de despesas, sabe que \u00e9 normal que os vereadores fiscalizem. E se quem n\u00e3o deve, n\u00e3o teme, d\u00ea as explica\u00e7\u00f5es aos vereadores, porque se voc\u00ea acertar, estamos aqui para aplaudir, mas se errar, estamos aqui para tomar todas as provid\u00eancias\u201d,<\/em><\/strong>\u00a0finalizou.<\/p>\n","protected":false},"excerpt":{"rendered":"<p>O presidente da C\u00e2mara de Bayeux. Jefferson Kita, rebateu, na noite desta quinta-feira (30), as palavras do Secret\u00e1rio de Sa\u00fade do munic\u00edpio, Gilliard Abrantes, que&hellip; <\/p>\n","protected":false},"author":1,"featured_media":166868,"comment_status":"closed","ping_status":"closed","sticky":false,"template":"","format":"standard","meta":{"sfsi_plus_gutenberg_text_before_share":"","sfsi_plus_gutenberg_show_text_before_share":"","sfsi_plus_gutenberg_icon_type":"","sfsi_plus_gutenberg_icon_alignemt":"","sfsi_plus_gutenburg_max_per_row":"","footnotes":""},"categories":[2,11],"tags":[],"class_list":["post-166867","post","type-post","status-publish","format-standard","has-post-thumbnail","hentry","category-geral","category-politica"],"_links":{"self":[{"href":"https:\/\/www.caririemacao.com\/1\/wp-json\/wp\/v2\/posts\/166867","targetHints":{"allow":["GET"]}}],"collection":[{"href":"https:\/\/www.caririemacao.com\/1\/wp-json\/wp\/v2\/posts"}],"about":[{"href":"https:\/\/www.caririemacao.com\/1\/wp-json\/wp\/v2\/types\/post"}],"author":[{"embeddable":true,"href":"https:\/\/www.caririemacao.com\/1\/wp-json\/wp\/v2\/users\/1"}],"replies":[{"embeddable":true,"href":"https:\/\/www.caririemacao.com\/1\/wp-json\/wp\/v2\/comments?post=166867"}],"version-history":[{"count":1,"href":"https:\/\/www.caririemacao.com\/1\/wp-json\/wp\/v2\/posts\/166867\/revisions"}],"predecessor-version":[{"id":166869,"href":"https:\/\/www.caririemacao.com\/1\/wp-json\/wp\/v2\/posts\/166867\/revisions\/166869"}],"wp:featuredmedia":[{"embeddable":true,"href":"https:\/\/www.caririemacao.com\/1\/wp-json\/wp\/v2\/media\/166868"}],"wp:attachment":[{"href":"https:\/\/www.caririemacao.com\/1\/wp-json\/wp\/v2\/media?parent=166867"}],"wp:term":[{"taxonomy":"category","embeddable":true,"href":"https:\/\/www.caririemacao.com\/1\/wp-json\/wp\/v2\/categories?post=166867"},{"taxonomy":"post_tag","embeddable":true,"href":"https:\/\/www.caririemacao.com\/1\/wp-json\/wp\/v2\/tags?post=166867"}],"curies":[{"name":"wp","href":"https:\/\/api.w.org\/{rel}","templated":true}]}}