{"id":166870,"date":"2020-05-01T02:08:14","date_gmt":"2020-05-01T05:08:14","guid":{"rendered":"https:\/\/www.caririemacao.com\/1\/?p=166870"},"modified":"2020-05-01T02:08:14","modified_gmt":"2020-05-01T05:08:14","slug":"tcu-disponibiliza-lista-de-politicos-paraibanos-com-contas-irregulares-varias-liderancas-do-cariri-estao-entre-os-nomes-listados","status":"publish","type":"post","link":"https:\/\/www.caririemacao.com\/1\/2020\/05\/01\/tcu-disponibiliza-lista-de-politicos-paraibanos-com-contas-irregulares-varias-liderancas-do-cariri-estao-entre-os-nomes-listados\/","title":{"rendered":"TCU disponibiliza lista de pol\u00edticos paraibanos com contas irregulares; v\u00e1rias lideran\u00e7as do Cariri est\u00e3o entre os nomes listados;"},"content":{"rendered":"\n<p>O Tribunal de Contas da Uni\u00e3o (TCU) divulgou a lista de pol\u00edticos de todo o pa\u00eds que est\u00e3o com as contas irregulares e, por isso, podem ter dificuldades se quiserem se candidatar \u00e0s pr\u00f3ximas elei\u00e7\u00f5es municipais. Na Para\u00edba, s\u00e3o 551 contas irregulares e 329 pessoas na lista.<\/p>\n\n\n\n<p>Na regi\u00e3o do Cariri e Serid\u00f3 paraibano, v\u00e1rias lideran\u00e7as pol\u00edticas de cidades da regi\u00e3o est\u00e3o entre os nomes listados e ter\u00e3o dificuldade caso desejam concorrer as elei\u00e7\u00f5es municipais de 2020.<\/p>\n\n\n\n<p>O Portal De Olho no Cariri pesquisou os nomes e divulgar\u00e1 abaixo os nomes dos pol\u00edticos caririzeiros que est\u00e3o com as contas irregulares:<\/p>\n\n\n\n<p><strong>Confira abaixo:<\/strong><\/p>\n\n\n\n<p>Ant\u00f4nio Carlos Chaves Ventura \u2013 SERRA BTANCA<\/p>\n\n\n\n<p>Ant\u00f4nio Gon\u00e7alves de Lima \u2013 RIACHO DE SANTO ANT\u00d4NIO<\/p>\n\n\n\n<p>Ant\u00f4nio Martiniano dos Santos \u2013 ASSUN\u00c7\u00c3O<\/p>\n\n\n\n<p>Bevilacqua Matias Maracaj\u00e1 \u2013 JUAZEIRINHO<\/p>\n\n\n\n<p>Fernando Ara\u00fajo Filho \u2013 SOLEDADE<\/p>\n\n\n\n<p>Ires de Ce\u00fa de Sousa Henrique \u2013 ZABEL\u00ca<\/p>\n\n\n\n<p>Joanita Leal de Brito \u2013 BOQUEIR\u00c3O<\/p>\n\n\n\n<p>Jo\u00e3o Batista Medeiros \u2013 S\u00c3O JO\u00c3O DO TIGRE<\/p>\n\n\n\n<p>Jo\u00e3o Tarcisio Quirino \u2013 BARRA DE S\u00c3O MIGUEL<\/p>\n\n\n\n<p>Jo\u00e3o de Arimateia Anast\u00e1cio Rodrigues de Lima \u2013 LIVRAMENTO<\/p>\n\n\n\n<p>Jos\u00e9 Martinho C\u00e2ndido de Castro \u2013 GURJ\u00c3O<\/p>\n\n\n\n<p>Josimar Gon\u00e7alves Costa \u2013 SOLEDADE<\/p>\n\n\n\n<p>Lucivaldo Vaz Henrique \u2013 ZABEL\u00ca<\/p>\n\n\n\n<p>Luiz Jos\u00e9 Mamede de Lima \u2013 SERRA BRANCA<\/p>\n\n\n\n<p>Luiz Jos\u00e9 Monteiro de Farias \u2013 TAPERO\u00c1<\/p>\n\n\n\n<p>Luzinete Teixeira Lopes \u2013 BARRA DE S\u00c3O MIGUEL<\/p>\n\n\n\n<p>Paulo Romero Medeiros \u2013 S\u00c3O JOS\u00c9 DOS CORDEIROS<\/p>\n\n\n\n<p>Pedro Pinto da Costa \u2013 BARRA DE S\u00c3O MIGUEL<\/p>\n\n\n\n<p>Sergio Cordeiro de Sousa \u2013 SERRA BRANCA<\/p>\n\n\n\n<p>\u00c9 poss\u00edvel ter acesso \u00e0 lista de pol\u00edticos paraibanos clicando&nbsp;<a href=\"https:\/\/www.clickpb.com.br\/media\/filer_public\/5d\/ed\/5ded24a8-0967-448c-b1ae-c746c189b0db\/lista_de_pessoas_com_contas_julgadas_irregulares_para_fins_eleitorais.csv\">aqui<\/a><\/p>\n\n\n\n<p>J\u00e1 para ver a lista nacional \u00e9 s\u00f3 clicar&nbsp;<a href=\"https:\/\/contasirregulares.tcu.gov.br\/ordsext\/f?p=105:2:::NO:RP,2:P2_MOSTRAR_LISTA:1\">aqui<\/a><\/p>\n\n\n\n<p><strong>De Olho no Cariri<\/strong><\/p>\n","protected":false},"excerpt":{"rendered":"<p>O Tribunal de Contas da Uni\u00e3o (TCU) divulgou a lista de pol\u00edticos de todo o pa\u00eds que est\u00e3o com as contas irregulares e, por isso,&hellip; <\/p>\n","protected":false},"author":1,"featured_media":166871,"comment_status":"closed","ping_status":"closed","sticky":false,"template":"","format":"standard","meta":{"sfsi_plus_gutenberg_text_before_share":"","sfsi_plus_gutenberg_show_text_before_share":"","sfsi_plus_gutenberg_icon_type":"","sfsi_plus_gutenberg_icon_alignemt":"","sfsi_plus_gutenburg_max_per_row":"","footnotes":""},"categories":[11],"tags":[],"class_list":["post-166870","post","type-post","status-publish","format-standard","has-post-thumbnail","hentry","category-politica"],"_links":{"self":[{"href":"https:\/\/www.caririemacao.com\/1\/wp-json\/wp\/v2\/posts\/166870","targetHints":{"allow":["GET"]}}],"collection":[{"href":"https:\/\/www.caririemacao.com\/1\/wp-json\/wp\/v2\/posts"}],"about":[{"href":"https:\/\/www.caririemacao.com\/1\/wp-json\/wp\/v2\/types\/post"}],"author":[{"embeddable":true,"href":"https:\/\/www.caririemacao.com\/1\/wp-json\/wp\/v2\/users\/1"}],"replies":[{"embeddable":true,"href":"https:\/\/www.caririemacao.com\/1\/wp-json\/wp\/v2\/comments?post=166870"}],"version-history":[{"count":1,"href":"https:\/\/www.caririemacao.com\/1\/wp-json\/wp\/v2\/posts\/166870\/revisions"}],"predecessor-version":[{"id":166872,"href":"https:\/\/www.caririemacao.com\/1\/wp-json\/wp\/v2\/posts\/166870\/revisions\/166872"}],"wp:featuredmedia":[{"embeddable":true,"href":"https:\/\/www.caririemacao.com\/1\/wp-json\/wp\/v2\/media\/166871"}],"wp:attachment":[{"href":"https:\/\/www.caririemacao.com\/1\/wp-json\/wp\/v2\/media?parent=166870"}],"wp:term":[{"taxonomy":"category","embeddable":true,"href":"https:\/\/www.caririemacao.com\/1\/wp-json\/wp\/v2\/categories?post=166870"},{"taxonomy":"post_tag","embeddable":true,"href":"https:\/\/www.caririemacao.com\/1\/wp-json\/wp\/v2\/tags?post=166870"}],"curies":[{"name":"wp","href":"https:\/\/api.w.org\/{rel}","templated":true}]}}