{"id":166873,"date":"2020-05-01T02:09:51","date_gmt":"2020-05-01T05:09:51","guid":{"rendered":"https:\/\/www.caririemacao.com\/1\/?p=166873"},"modified":"2020-05-01T02:09:51","modified_gmt":"2020-05-01T05:09:51","slug":"bolsonaro-diz-que-governadores-nao-achataram-curva-de-transmissao-da-covid-19","status":"publish","type":"post","link":"https:\/\/www.caririemacao.com\/1\/2020\/05\/01\/bolsonaro-diz-que-governadores-nao-achataram-curva-de-transmissao-da-covid-19\/","title":{"rendered":"Bolsonaro diz que governadores n\u00e3o achataram curva de transmiss\u00e3o da Covid-19"},"content":{"rendered":"\n<p>Numa nova rodada de ataques a governadores e prefeitos que adotaram medidas de distanciamento social, o presidente Jair Bolsonaro (sem partido) afirmou nesta quinta-feira (30) que essas autoridades n\u00e3o conseguiram achatar a curva de transmiss\u00e3o do novo coronav\u00edrus.- Continua depois da publicidade &#8211;<ins><\/ins><\/p>\n\n\n\n<p>\u201cO Supremo [Tribunal Federal] decidiu que as medidas para evitar \u2014ou para fazer a curva ser achatada\u2014 caberiam a governadores e prefeitos. N\u00e3o achataram a curva. Governadores e prefeitos que tomaram medidas bastante r\u00edgidas n\u00e3o achataram a curva\u201d, disse o presidente, na sa\u00edda do Pal\u00e1cio da Alvorada, em Bras\u00edlia.<\/p>\n\n\n\n<p>Bolsonaro deu as declara\u00e7\u00f5es pouco antes de embarcar para Porto Alegre (RS).<\/p>\n\n\n\n<p>Com 5.466 mortes causadas pela Covid-19 no Brasil \u2014sendo 449 registradas nas \u00faltimas 24 horas\u2014, o mandat\u00e1rio voltou a colocar em d\u00favida, sem apresentar provas, o n\u00famero de \u00f3bitos notificado diariamente pelos estados. Ele criticou ainda o governador de S\u00e3o Paulo, Jo\u00e3o Doria (PSDB), a quem chamou de \u201cgravatinha\u201d.<\/p>\n\n\n\n<p>\u201cA curva [de transmiss\u00e3o] t\u00e1 a\u00ed. Partindo do princ\u00edpio que o n\u00famero de \u00f3bitos \u00e9 verdadeiro. Cada vez mais chega informa\u00e7\u00e3o, que no pr\u00f3prio Di\u00e1rio Oficial do Estado de S\u00e3o Paulo est\u00e1 escrito que, na d\u00favida, bota coronav\u00edrus. Para inflar o n\u00famero e fazer uso pol\u00edtico\u201d, disse.<\/p>\n\n\n\n<p>\u201c\u00c9 o governador gravatinha de SP fazendo politicalha em cima de mortes. Zombando de familiares que tiveram seus entes queridos que morreram por v\u00edrus ou de outra coisa. \u00c9 uso pol\u00edtico do governador Jo\u00e3o Doria com essas pessoas\u201d.<\/p>\n\n\n\n<p>Bolsonaro n\u00e3o especificou a qual norma estadual se referia.<\/p>\n\n\n\n<p>O governo de S\u00e3o Paulo adotou um protocolo com regras de seguran\u00e7a para o manejo de cad\u00e1veres durante a pandemia. Sob o argumento de prote\u00e7\u00e3o dos profissionais que trabalham com esses corpos, uma vez que h\u00e1 risco de transmiss\u00e3o por flu\u00eddos corporais, o protocolo estabelece que qualquer cad\u00e1ver, independente da causa mortis, pode ser considerado um portador potencial, mas isso n\u00e3o significa que todos esses casos sejam contabilizados como casos de infectados pelo coronav\u00edrus.<\/p>\n\n\n\n<p>O presidente tamb\u00e9m afirmou que o v\u00edrus est\u00e1 sendo politizado e que o governo federal \u201cfez tudo\u201d o que podia no enfrentamento ao coronav\u00edrus. Ele sugeriu, no entanto, que alguns estados estejam desviando recursos repassados para o combate \u00e0 pandemia.<\/p>\n\n\n\n<p>\u201cO governo federal fez tudo. O Paulo Guedes [ministro da Economia], em contato com o Congresso e governadores, liberou recursos para tudo. Fizemos tudo que foi poss\u00edvel e mais alguma coisa. Agora, cabe aos governadores gerir esses recursos. O que mais n\u00f3s temos, por parte de alguns estados, \u00e9 desvio de recursos. \u00c9 isso que est\u00e1 acontecendo. Por isso precisamos da Pol\u00edcia Federal isenta, sem interfer\u00eancia, para poder coibir poss\u00edveis abusos\u201d, concluiu.<\/p>\n\n\n\n<p><em>Da Folha<\/em><\/p>\n","protected":false},"excerpt":{"rendered":"<p>Numa nova rodada de ataques a governadores e prefeitos que adotaram medidas de distanciamento social, o presidente Jair Bolsonaro (sem partido) afirmou nesta quinta-feira (30)&hellip; <\/p>\n","protected":false},"author":1,"featured_media":166874,"comment_status":"closed","ping_status":"closed","sticky":false,"template":"","format":"standard","meta":{"sfsi_plus_gutenberg_text_before_share":"","sfsi_plus_gutenberg_show_text_before_share":"","sfsi_plus_gutenberg_icon_type":"","sfsi_plus_gutenberg_icon_alignemt":"","sfsi_plus_gutenburg_max_per_row":"","footnotes":""},"categories":[50],"tags":[],"class_list":["post-166873","post","type-post","status-publish","format-standard","has-post-thumbnail","hentry","category-destaque"],"_links":{"self":[{"href":"https:\/\/www.caririemacao.com\/1\/wp-json\/wp\/v2\/posts\/166873","targetHints":{"allow":["GET"]}}],"collection":[{"href":"https:\/\/www.caririemacao.com\/1\/wp-json\/wp\/v2\/posts"}],"about":[{"href":"https:\/\/www.caririemacao.com\/1\/wp-json\/wp\/v2\/types\/post"}],"author":[{"embeddable":true,"href":"https:\/\/www.caririemacao.com\/1\/wp-json\/wp\/v2\/users\/1"}],"replies":[{"embeddable":true,"href":"https:\/\/www.caririemacao.com\/1\/wp-json\/wp\/v2\/comments?post=166873"}],"version-history":[{"count":1,"href":"https:\/\/www.caririemacao.com\/1\/wp-json\/wp\/v2\/posts\/166873\/revisions"}],"predecessor-version":[{"id":166875,"href":"https:\/\/www.caririemacao.com\/1\/wp-json\/wp\/v2\/posts\/166873\/revisions\/166875"}],"wp:featuredmedia":[{"embeddable":true,"href":"https:\/\/www.caririemacao.com\/1\/wp-json\/wp\/v2\/media\/166874"}],"wp:attachment":[{"href":"https:\/\/www.caririemacao.com\/1\/wp-json\/wp\/v2\/media?parent=166873"}],"wp:term":[{"taxonomy":"category","embeddable":true,"href":"https:\/\/www.caririemacao.com\/1\/wp-json\/wp\/v2\/categories?post=166873"},{"taxonomy":"post_tag","embeddable":true,"href":"https:\/\/www.caririemacao.com\/1\/wp-json\/wp\/v2\/tags?post=166873"}],"curies":[{"name":"wp","href":"https:\/\/api.w.org\/{rel}","templated":true}]}}