{"id":166882,"date":"2020-05-01T06:28:24","date_gmt":"2020-05-01T09:28:24","guid":{"rendered":"https:\/\/www.caririemacao.com\/1\/?p=166882"},"modified":"2020-05-01T06:28:26","modified_gmt":"2020-05-01T09:28:26","slug":"mais-de-100-novos-casos-de-coronavirus-na-paraiba-total-ultrapassa-900","status":"publish","type":"post","link":"https:\/\/www.caririemacao.com\/1\/2020\/05\/01\/mais-de-100-novos-casos-de-coronavirus-na-paraiba-total-ultrapassa-900\/","title":{"rendered":"Mais de 100 novos casos de coronav\u00edrus na Para\u00edba; total ultrapassa 900"},"content":{"rendered":"\n<h1 class=\"wp-block-heading\"><\/h1>\n\n\n\n<p><\/p>\n\n\n\n<p>Mais de 100 novos casos de coronav\u00edrus foram registrados nas \u00faltimas 24 horas na Para\u00edba, elevando a quantidade de casos confirmados a 926.<\/p>\n\n\n\n<p>De acordo com o boletim da Secretaria de Estado da Sa\u00fade divulgado nesta quinta-feira (30), 1.695 casos foram descartados e 156 j\u00e1 se recuperaram da doen\u00e7a.<\/p>\n\n\n\n<p>As informa\u00e7\u00f5es d\u00e3o conta tamb\u00e9m que, dos 370 leitos de UTI previstos no plano de Conting\u00eancia para Coronav\u00edrus, 171 est\u00e3o ativos e 40% est\u00e3o ocupados no momento.<\/p>\n\n\n\n<p>Os casos confirmados est\u00e3o distribu\u00eddos em 49 munic\u00edpios: Alagoa Grande (2); Alagoa Nova (1); Alhandra (2); Ara\u00e7agi (1); Areia (1); Barra de S\u00e3o Miguel (1); Bayeux (34); Bom Jesus (1); Boqueir\u00e3o (1); Brejo do Cruz (1); Caapor\u00e3 (3); Cabedelo (28); Cajazeiras (8); Campina Grande (51); Catingueira (1); Conde (13); Congo (1); Coremas (1); Coxixola (1); Cruz do Esp\u00edrito Santo (3); Esperan\u00e7a (2); Guarabira (7); Gurinh\u00e9m (1); Igaracy (1); Itabaiana (2); Itapororoca (3); Jo\u00e3o Pessoa (563); Junco do Serid\u00f3 (3); Lagoa Seca (2); Lucena (3); Mamanguape (1); Mari (1); Mariz\u00f3polis (3); Patos (19); Pedras de Fogo (5); Pombal (2); Princesa Isabel (1); Queimadas (2); Riach\u00e3o Po\u00e7o (1); Riacho dos Cavalos (1); Rio Tinto (4); Santa Helena (1); Santa Rita (85); S\u00e3o Bento (4); S\u00e3o Jo\u00e3o do Rio do Peixe (5); S\u00e3o Jos\u00e9 de Piranhas (1); S\u00e3o Jos\u00e9 do Bonfim (1); Sap\u00e9 (29); Serra Branca (1); Serra Redonda (1); Sousa (12); Tapero\u00e1 (2); Umbuzeiro (2)<\/p>\n\n\n\n<p>Houve tamb\u00e9m mais cinco \u00f3bitos, chegando ao total de 67 mortes registradas no Estado. Veja os casos:<\/p>\n\n\n\n<p>\u2013 Homem, 51 anos, residente do munic\u00edpio de Jo\u00e3o Pessoa, com comorbidades etilista, insufici\u00eancia card\u00edaca congestiva e fibrila\u00e7\u00e3o ventricular, \u00f3bito ocorrido em hospital p\u00fablico, no 29\/04.<\/p>\n\n\n\n<p>\u2013 Mulher, 40 anos, residente do munic\u00edpio de Patos, com comorbidades obesidade, hipertensa e diab\u00e9tica, , interno em hospital p\u00fablico \u00f3bito ocorrido no 28\/04.<\/p>\n\n\n\n<p>\u2013 Homem, 49 anos, residente do munic\u00edpio de Santa Rita, com comorbidades transtorno mental e obesidade, \u00f3bito na resid\u00eancia, exame coletado no SVO. \u00d3bito ocorrido no 29\/04.<\/p>\n\n\n\n<p>\u2013 Mulher, 61 anos, residente do munic\u00edpio de Alhandra, com comorbidades Doen\u00e7a cardiovascular, neurol\u00f3gica e renal cr\u00f4nica, sequela de AVC. Interno em hospital p\u00fablico, \u00f3bito ocorrido no 28\/04.<\/p>\n\n\n\n<p>\u2013 Homem, 55 anos, residente do munic\u00edpio de Cabedelo, com comorbidades cardiopata e diabetes, estava em hospital p\u00fablico, \u00f3bito no dia 28\/04.<\/p>\n","protected":false},"excerpt":{"rendered":"<p>Mais de 100 novos casos de coronav\u00edrus foram registrados nas \u00faltimas 24 horas na Para\u00edba, elevando a quantidade de casos confirmados a 926. De acordo&hellip; <\/p>\n","protected":false},"author":2,"featured_media":166883,"comment_status":"closed","ping_status":"closed","sticky":false,"template":"","format":"standard","meta":{"sfsi_plus_gutenberg_text_before_share":"","sfsi_plus_gutenberg_show_text_before_share":"","sfsi_plus_gutenberg_icon_type":"","sfsi_plus_gutenberg_icon_alignemt":"","sfsi_plus_gutenburg_max_per_row":"","footnotes":""},"categories":[2],"tags":[],"class_list":["post-166882","post","type-post","status-publish","format-standard","has-post-thumbnail","hentry","category-geral"],"_links":{"self":[{"href":"https:\/\/www.caririemacao.com\/1\/wp-json\/wp\/v2\/posts\/166882","targetHints":{"allow":["GET"]}}],"collection":[{"href":"https:\/\/www.caririemacao.com\/1\/wp-json\/wp\/v2\/posts"}],"about":[{"href":"https:\/\/www.caririemacao.com\/1\/wp-json\/wp\/v2\/types\/post"}],"author":[{"embeddable":true,"href":"https:\/\/www.caririemacao.com\/1\/wp-json\/wp\/v2\/users\/2"}],"replies":[{"embeddable":true,"href":"https:\/\/www.caririemacao.com\/1\/wp-json\/wp\/v2\/comments?post=166882"}],"version-history":[{"count":1,"href":"https:\/\/www.caririemacao.com\/1\/wp-json\/wp\/v2\/posts\/166882\/revisions"}],"predecessor-version":[{"id":166884,"href":"https:\/\/www.caririemacao.com\/1\/wp-json\/wp\/v2\/posts\/166882\/revisions\/166884"}],"wp:featuredmedia":[{"embeddable":true,"href":"https:\/\/www.caririemacao.com\/1\/wp-json\/wp\/v2\/media\/166883"}],"wp:attachment":[{"href":"https:\/\/www.caririemacao.com\/1\/wp-json\/wp\/v2\/media?parent=166882"}],"wp:term":[{"taxonomy":"category","embeddable":true,"href":"https:\/\/www.caririemacao.com\/1\/wp-json\/wp\/v2\/categories?post=166882"},{"taxonomy":"post_tag","embeddable":true,"href":"https:\/\/www.caririemacao.com\/1\/wp-json\/wp\/v2\/tags?post=166882"}],"curies":[{"name":"wp","href":"https:\/\/api.w.org\/{rel}","templated":true}]}}