{"id":166886,"date":"2020-05-01T06:33:58","date_gmt":"2020-05-01T09:33:58","guid":{"rendered":"https:\/\/www.caririemacao.com\/1\/?p=166886"},"modified":"2020-05-01T06:34:01","modified_gmt":"2020-05-01T09:34:01","slug":"coronavirus-nao-e-de-esquerda-nem-de-direita-afirma-prefeito-paraibano","status":"publish","type":"post","link":"https:\/\/www.caririemacao.com\/1\/2020\/05\/01\/coronavirus-nao-e-de-esquerda-nem-de-direita-afirma-prefeito-paraibano\/","title":{"rendered":"Coronav\u00edrus n\u00e3o \u00e9 de esquerda nem de direita, afirma prefeito paraibano"},"content":{"rendered":"\n<h1 class=\"wp-block-heading\"><\/h1>\n\n\n\n<p>O prefeito de Jo\u00e3o Pessoa,&nbsp;<a href=\"https:\/\/paraibaonline.com.br\/2020\/04\/prefeito-decide-prorrogar-o-isolamento-social-em-joao-pessoa\/\">Luciano Cartaxo (PV)<\/a>, falou em coletiva de imprensa sobre a decis\u00e3o de prorrogar o decreto que determina que o com\u00e9rcio da cidade fique fechado devido \u00e0 pandemia do Coronav\u00edrus.<\/p>\n\n\n\n<p>A capital da Para\u00edba \u00e9 a mais afetada pela contamina\u00e7\u00e3o da doen\u00e7a.<\/p>\n\n\n\n<p>Ele disse que o foco no momento \u00e9 combater a doen\u00e7a e alegou que \u00e9 preciso entender que essa n\u00e3o \u00e9 uma quest\u00e3o partid\u00e1ria.<\/p>\n\n\n\n<p>\u2013 O v\u00edrus n\u00e3o \u00e9 de esquerda nem de direita. N\u00e3o \u00e9 quest\u00e3o partid\u00e1ria nem eleitoral. Nosso foco principal e exclusivo \u00e9 o combate \u00e0 pandemia \u2013 frisou.<\/p>\n","protected":false},"excerpt":{"rendered":"<p>O prefeito de Jo\u00e3o Pessoa,&nbsp;Luciano Cartaxo (PV), falou em coletiva de imprensa sobre a decis\u00e3o de prorrogar o decreto que determina que o com\u00e9rcio da&hellip; <\/p>\n","protected":false},"author":2,"featured_media":166887,"comment_status":"closed","ping_status":"closed","sticky":false,"template":"","format":"standard","meta":{"sfsi_plus_gutenberg_text_before_share":"","sfsi_plus_gutenberg_show_text_before_share":"","sfsi_plus_gutenberg_icon_type":"","sfsi_plus_gutenberg_icon_alignemt":"","sfsi_plus_gutenburg_max_per_row":"","footnotes":""},"categories":[11],"tags":[],"class_list":["post-166886","post","type-post","status-publish","format-standard","has-post-thumbnail","hentry","category-politica"],"_links":{"self":[{"href":"https:\/\/www.caririemacao.com\/1\/wp-json\/wp\/v2\/posts\/166886","targetHints":{"allow":["GET"]}}],"collection":[{"href":"https:\/\/www.caririemacao.com\/1\/wp-json\/wp\/v2\/posts"}],"about":[{"href":"https:\/\/www.caririemacao.com\/1\/wp-json\/wp\/v2\/types\/post"}],"author":[{"embeddable":true,"href":"https:\/\/www.caririemacao.com\/1\/wp-json\/wp\/v2\/users\/2"}],"replies":[{"embeddable":true,"href":"https:\/\/www.caririemacao.com\/1\/wp-json\/wp\/v2\/comments?post=166886"}],"version-history":[{"count":1,"href":"https:\/\/www.caririemacao.com\/1\/wp-json\/wp\/v2\/posts\/166886\/revisions"}],"predecessor-version":[{"id":166888,"href":"https:\/\/www.caririemacao.com\/1\/wp-json\/wp\/v2\/posts\/166886\/revisions\/166888"}],"wp:featuredmedia":[{"embeddable":true,"href":"https:\/\/www.caririemacao.com\/1\/wp-json\/wp\/v2\/media\/166887"}],"wp:attachment":[{"href":"https:\/\/www.caririemacao.com\/1\/wp-json\/wp\/v2\/media?parent=166886"}],"wp:term":[{"taxonomy":"category","embeddable":true,"href":"https:\/\/www.caririemacao.com\/1\/wp-json\/wp\/v2\/categories?post=166886"},{"taxonomy":"post_tag","embeddable":true,"href":"https:\/\/www.caririemacao.com\/1\/wp-json\/wp\/v2\/tags?post=166886"}],"curies":[{"name":"wp","href":"https:\/\/api.w.org\/{rel}","templated":true}]}}