{"id":166890,"date":"2020-05-01T06:36:41","date_gmt":"2020-05-01T09:36:41","guid":{"rendered":"https:\/\/www.caririemacao.com\/1\/?p=166890"},"modified":"2020-05-01T06:36:43","modified_gmt":"2020-05-01T09:36:43","slug":"bolsonaro-chama-rede-globo-de-lixo-e-ameaca-nao-renovar-concessao-da-emissora","status":"publish","type":"post","link":"https:\/\/www.caririemacao.com\/1\/2020\/05\/01\/bolsonaro-chama-rede-globo-de-lixo-e-ameaca-nao-renovar-concessao-da-emissora\/","title":{"rendered":"Bolsonaro chama Rede Globo de \u201clixo\u201d e amea\u00e7a n\u00e3o renovar concess\u00e3o da emissora"},"content":{"rendered":"\n<h1 class=\"wp-block-heading\"><\/h1>\n\n\n\n<p><\/p>\n\n\n\n<p>  O presidente Jair Bolsonaro (sem partido) voltou nesta quinta-feira (30) a amea\u00e7ar n\u00e3o renovar a concess\u00e3o da TV Globo em 2022.<\/p>\n\n\n\n<p>O mandat\u00e1rio criticou a maior emissora do pa\u00eds, considerada por ele uma advers\u00e1ria, ao deixar o Pal\u00e1cio da Alvorada na manh\u00e3 desta quinta-feira (30).<\/p>\n\n\n\n<p>O presidente queixou-se da forma como a TV noticiou sua fala de ter\u00e7a-feira (28), quando, confrontado com o recorde de 479 mortes pelo novo coronav\u00edrus registrado naquele dia, ele respondeu: \u201cE da\u00ed? Lamento. Quer que eu fa\u00e7a o qu\u00ea? Eu sou Messias, mas n\u00e3o fa\u00e7o milagre\u201d.<\/p>\n\n\n\n<p>Nesta quinta-feira, Bolsonaro afirmou que houve \u201cdeturpa\u00e7\u00e3o por parte da Globo\u201d e chamou a rede de televis\u00e3o de \u201clixo\u201d.<\/p>\n\n\n\n<p>\u201cEssa imprensa lixo chamada Globo. Ou melhor, lixo d\u00e1 para ser reciclado. Globo nem lixo \u00e9, que n\u00e3o pode ser reciclado. Entrou o \u2018e da\u00ed\u2019 e depois insistiram a me fazer perguntas idiotas. Eu acabei entrando na deles. Essa imprensa lixo, porcaria.\u201d<\/p>\n\n\n\n<p>Em seguida, Bolsonaro amea\u00e7ou n\u00e3o autorizar a renova\u00e7\u00e3o da concess\u00e3o da emissora em 2022.<\/p>\n\n\n\n<p>\u201cN\u00e3o vou dar dinheiro para voc\u00eas. Globo, n\u00e3o tem dinheiro para voc\u00eas. Em 2022\u2026 N\u00e3o \u00e9 amea\u00e7a n\u00e3o. Assim como fa\u00e7o para todo mundo, vai ter que estar direitinho a contabilidade, para que voc\u00ea [Globo] possa ter sua concess\u00e3o renovada. Se n\u00e3o tiver tudo certo, n\u00e3o renovo a de voc\u00eas nem a de ningu\u00e9m\u201d, afirmou o presidente.<\/p>\n\n\n\n<p>As emissoras de r\u00e1dio e TV no Brasil s\u00e3o concess\u00f5es p\u00fablicas. A da TV Globo vence em abril 2023. A concess\u00e3o \u00e9 renovada ou cancelada pelo presidente, e o Congresso pode referendar ou derrubar na sequ\u00eancia o ato presidencial em vota\u00e7\u00e3o nominal de 2\/5 das Casas (artigo 223 da Constitui\u00e7\u00e3o).<\/p>\n\n\n\n<p>Segundo lei aprovada pelo governo Michel Temer, no entanto, o presidente pode decidir sobre a concess\u00e3o at\u00e9 um ano antes de ela vencer -ou seja, no caso da Globo, em abril de 2022, in\u00edcio do \u00faltimo ano do mandato de Bolsonaro.<\/p>\n\n\n\n<p>No final de outubro do ano passado, ap\u00f3s o Jornal Nacional veicular uma reportagem citando o nome de Bolsonaro na investiga\u00e7\u00e3o do assassinato da vereadora Marielle Franco (PSOL), o mandat\u00e1rio acusou a emissora de querer infernizar a sua vida.<\/p>\n\n\n\n<p>\u201cVoc\u00eas v\u00e3o renovar a concess\u00e3o em 2022. N\u00e3o vou persegui-los, mas o processo vai estar limpo. Se o processo n\u00e3o estiver limpo, legal, n\u00e3o tem renova\u00e7\u00e3o da concess\u00e3o de voc\u00eas, e de TV nenhuma. Voc\u00eas apostaram em me derrubar no primeiro ano e n\u00e3o conseguiram\u201d, afirmou na ocasi\u00e3o.<\/p>\n\n\n\n<p>Segundo o Jornal Nacional revelou \u00e0 \u00e9poca, o depoimento de um porteiro do condom\u00ednio onde Bolsonaro tem casa na Barra da Tijuca, na zona oeste do Rio, indicaria que um dos acusados pelo assassinato teria chegado ao local e dito que iria \u00e0 casa do ent\u00e3o deputado federal. Isso teria acontecido horas antes da morte de Marielle.<\/p>\n\n\n\n<p>O Minist\u00e9rio P\u00fablico, por\u00e9m, disse em seguida que o depoimento do porteiro n\u00e3o condizia com as provas t\u00e9cnicas obtidas e que ele pode ter mentido.<\/p>\n\n\n\n<p>Al\u00e9m disso, no dia da morte de Marielle, Bolsonaro estava em Bras\u00edlia. Dias depois, o porteiro afirmou \u00e0 Pol\u00edcia Federal ter cometido um erro ao mencionar o presidente.<\/p>\n\n\n\n<p>Al\u00e9m das amea\u00e7as sobre a concess\u00e3o p\u00fablica da rede de comunica\u00e7\u00e3o, o governo Bolsonaro mudou a l\u00f3gica de distribui\u00e7\u00e3o de verbas publicit\u00e1rias para TVs abertas ao destinar os maiores porcentuais de recursos para Record e SBT -emissoras consideradas aliadas ao Planalto, mas que n\u00e3o s\u00e3o l\u00edderes de audi\u00eancia.<\/p>\n\n\n\n<p>Segundo relat\u00f3rio do TCU (Tribunal de Contas da Uni\u00e3o), embora seja a mais assistida do pa\u00eds, a Globo passou a ter participa\u00e7\u00e3o no bolo bem menor que a das duas concorrentes, o que n\u00e3o se verificava no passado.<\/p>\n\n\n\n<p>Na entrevista da manh\u00e3 desta quinta, Bolsonaro se recusou a responder a qualquer pergunta que n\u00e3o fosse feita pela rede CNN Brasil.<\/p>\n\n\n\n<p>Rep\u00f3rteres de Folha, O Globo, O Estado de S. Paulo e portal G1 estavam no local e questionaram o mandat\u00e1rio, mas ele n\u00e3o respondeu e se referiu a um dos profissionais presentes como \u201cfake news\u201d.<\/p>\n","protected":false},"excerpt":{"rendered":"<p>O presidente Jair Bolsonaro (sem partido) voltou nesta quinta-feira (30) a amea\u00e7ar n\u00e3o renovar a concess\u00e3o da TV Globo em 2022. O mandat\u00e1rio criticou a&hellip; <\/p>\n","protected":false},"author":2,"featured_media":166891,"comment_status":"closed","ping_status":"closed","sticky":false,"template":"","format":"standard","meta":{"sfsi_plus_gutenberg_text_before_share":"","sfsi_plus_gutenberg_show_text_before_share":"","sfsi_plus_gutenberg_icon_type":"","sfsi_plus_gutenberg_icon_alignemt":"","sfsi_plus_gutenburg_max_per_row":"","footnotes":""},"categories":[11],"tags":[],"class_list":["post-166890","post","type-post","status-publish","format-standard","has-post-thumbnail","hentry","category-politica"],"_links":{"self":[{"href":"https:\/\/www.caririemacao.com\/1\/wp-json\/wp\/v2\/posts\/166890","targetHints":{"allow":["GET"]}}],"collection":[{"href":"https:\/\/www.caririemacao.com\/1\/wp-json\/wp\/v2\/posts"}],"about":[{"href":"https:\/\/www.caririemacao.com\/1\/wp-json\/wp\/v2\/types\/post"}],"author":[{"embeddable":true,"href":"https:\/\/www.caririemacao.com\/1\/wp-json\/wp\/v2\/users\/2"}],"replies":[{"embeddable":true,"href":"https:\/\/www.caririemacao.com\/1\/wp-json\/wp\/v2\/comments?post=166890"}],"version-history":[{"count":1,"href":"https:\/\/www.caririemacao.com\/1\/wp-json\/wp\/v2\/posts\/166890\/revisions"}],"predecessor-version":[{"id":166892,"href":"https:\/\/www.caririemacao.com\/1\/wp-json\/wp\/v2\/posts\/166890\/revisions\/166892"}],"wp:featuredmedia":[{"embeddable":true,"href":"https:\/\/www.caririemacao.com\/1\/wp-json\/wp\/v2\/media\/166891"}],"wp:attachment":[{"href":"https:\/\/www.caririemacao.com\/1\/wp-json\/wp\/v2\/media?parent=166890"}],"wp:term":[{"taxonomy":"category","embeddable":true,"href":"https:\/\/www.caririemacao.com\/1\/wp-json\/wp\/v2\/categories?post=166890"},{"taxonomy":"post_tag","embeddable":true,"href":"https:\/\/www.caririemacao.com\/1\/wp-json\/wp\/v2\/tags?post=166890"}],"curies":[{"name":"wp","href":"https:\/\/api.w.org\/{rel}","templated":true}]}}